{"id":35112,"date":"2023-04-24T08:45:04","date_gmt":"2023-04-24T11:45:04","guid":{"rendered":"https:\/\/www.uninter.com\/radio\/?p=35112"},"modified":"2023-04-24T08:45:05","modified_gmt":"2023-04-24T11:45:05","slug":"chave-interdisciplinar-maria-firmina-dos-reis","status":"publish","type":"post","link":"https:\/\/www.uninter.com\/radio\/chave-interdisciplinar-maria-firmina-dos-reis","title":{"rendered":"Chave Interdisciplinar | Maria Firmina dos Reis"},"content":{"rendered":"\n<figure class=\"wp-block-audio\"><audio controls src=\"https:\/\/www.uninter.com\/radio\/wp-content\/uploads\/2023\/04\/chave-13-04-2023.mp3\"><\/audio><\/figure>\n\n\n\n<p>Maria Firmina dos Reis \u00e9 considerada a primeira romancista negra do Brasil, e o Chave Interdisciplinar fala sobre a atua\u00e7\u00e3o dessa personagem t\u00e3o importante. Para a conversa recebemos as professoras Mariana Bonat Trevisan, Amanda Lima Duarte e Gisley Monteiro de Monteiro. Acompanhe.<\/p>\n","protected":false},"excerpt":{"rendered":"<p>Maria Firmina dos Reis \u00e9 considerada a primeira romancista negra do Brasil, e o Chave&#8230;<\/p>\n","protected":false},"author":3,"featured_media":33668,"comment_status":"open","ping_status":"open","sticky":false,"template":"","format":"standard","meta":[],"categories":[2735],"tags":[],"_links":{"self":[{"href":"https:\/\/www.uninter.com\/radio\/wp-json\/wp\/v2\/posts\/35112"}],"collection":[{"href":"https:\/\/www.uninter.com\/radio\/wp-json\/wp\/v2\/posts"}],"about":[{"href":"https:\/\/www.uninter.com\/radio\/wp-json\/wp\/v2\/types\/post"}],"author":[{"embeddable":true,"href":"https:\/\/www.uninter.com\/radio\/wp-json\/wp\/v2\/users\/3"}],"replies":[{"embeddable":true,"href":"https:\/\/www.uninter.com\/radio\/wp-json\/wp\/v2\/comments?post=35112"}],"version-history":[{"count":1,"href":"https:\/\/www.uninter.com\/radio\/wp-json\/wp\/v2\/posts\/35112\/revisions"}],"predecessor-version":[{"id":35114,"href":"https:\/\/www.uninter.com\/radio\/wp-json\/wp\/v2\/posts\/35112\/revisions\/35114"}],"wp:featuredmedia":[{"embeddable":true,"href":"https:\/\/www.uninter.com\/radio\/wp-json\/wp\/v2\/media\/33668"}],"wp:attachment":[{"href":"https:\/\/www.uninter.com\/radio\/wp-json\/wp\/v2\/media?parent=35112"}],"wp:term":[{"taxonomy":"category","embeddable":true,"href":"https:\/\/www.uninter.com\/radio\/wp-json\/wp\/v2\/categories?post=35112"},{"taxonomy":"post_tag","embeddable":true,"href":"https:\/\/www.uninter.com\/radio\/wp-json\/wp\/v2\/tags?post=35112"}],"curies":[{"name":"wp","href":"https:\/\/api.w.org\/{rel}","templated":true}]}}