{"id":35090,"date":"2023-04-20T16:58:37","date_gmt":"2023-04-20T19:58:37","guid":{"rendered":"https:\/\/www.uninter.com\/radio\/?p=35090"},"modified":"2023-04-20T16:58:39","modified_gmt":"2023-04-20T19:58:39","slug":"art-cultura-a-arte-diante-da-inclusao-e-da-acessibilidade","status":"publish","type":"post","link":"https:\/\/www.uninter.com\/radio\/art-cultura-a-arte-diante-da-inclusao-e-da-acessibilidade","title":{"rendered":"Art&#038; Cultura | A arte diante da inclus\u00e3o e da acessibilidade"},"content":{"rendered":"\n<figure class=\"wp-block-audio\"><audio controls src=\"https:\/\/www.uninter.com\/radio\/wp-content\/uploads\/2023\/04\/arte-cultura-11-02-2023.mp3\"><\/audio><\/figure>\n\n\n\n<p>A arte e a cultura s\u00e3o direitos e patrim\u00f4nios de todos. Ampliando a acessibilidade, ferramentas de inclus\u00e3o s\u00e3o criadas e aprimoradas a todo momento para diferentes p\u00fablicos em diferentes espa\u00e7os. Barbara Carvalho e Arthur Salles recebem o tradutor de Libras e doutorando em Estudos da Tradu\u00e7\u00e3o Jonatas Medeiros para discutirem o assunto.<\/p>\n","protected":false},"excerpt":{"rendered":"<p>A arte e a cultura s\u00e3o direitos e patrim\u00f4nios de todos. Ampliando a acessibilidade, ferramentas&#8230;<\/p>\n","protected":false},"author":3,"featured_media":31653,"comment_status":"open","ping_status":"open","sticky":false,"template":"","format":"standard","meta":[],"categories":[2773],"tags":[],"_links":{"self":[{"href":"https:\/\/www.uninter.com\/radio\/wp-json\/wp\/v2\/posts\/35090"}],"collection":[{"href":"https:\/\/www.uninter.com\/radio\/wp-json\/wp\/v2\/posts"}],"about":[{"href":"https:\/\/www.uninter.com\/radio\/wp-json\/wp\/v2\/types\/post"}],"author":[{"embeddable":true,"href":"https:\/\/www.uninter.com\/radio\/wp-json\/wp\/v2\/users\/3"}],"replies":[{"embeddable":true,"href":"https:\/\/www.uninter.com\/radio\/wp-json\/wp\/v2\/comments?post=35090"}],"version-history":[{"count":1,"href":"https:\/\/www.uninter.com\/radio\/wp-json\/wp\/v2\/posts\/35090\/revisions"}],"predecessor-version":[{"id":35092,"href":"https:\/\/www.uninter.com\/radio\/wp-json\/wp\/v2\/posts\/35090\/revisions\/35092"}],"wp:featuredmedia":[{"embeddable":true,"href":"https:\/\/www.uninter.com\/radio\/wp-json\/wp\/v2\/media\/31653"}],"wp:attachment":[{"href":"https:\/\/www.uninter.com\/radio\/wp-json\/wp\/v2\/media?parent=35090"}],"wp:term":[{"taxonomy":"category","embeddable":true,"href":"https:\/\/www.uninter.com\/radio\/wp-json\/wp\/v2\/categories?post=35090"},{"taxonomy":"post_tag","embeddable":true,"href":"https:\/\/www.uninter.com\/radio\/wp-json\/wp\/v2\/tags?post=35090"}],"curies":[{"name":"wp","href":"https:\/\/api.w.org\/{rel}","templated":true}]}}