{"id":35074,"date":"2023-04-19T14:34:35","date_gmt":"2023-04-19T17:34:35","guid":{"rendered":"https:\/\/www.uninter.com\/radio\/?p=35074"},"modified":"2023-04-19T14:34:37","modified_gmt":"2023-04-19T17:34:37","slug":"chave-interdisciplinar-dia-nacional-de-mobilizacao-pela-promocao-da-saude-e-qualidade-de-vida","status":"publish","type":"post","link":"https:\/\/www.uninter.com\/radio\/chave-interdisciplinar-dia-nacional-de-mobilizacao-pela-promocao-da-saude-e-qualidade-de-vida","title":{"rendered":"Chave Interdisciplinar | Dia Nacional de Mobiliza\u00e7\u00e3o pela Promo\u00e7\u00e3o da Sa\u00fade e Qualidade de Vida"},"content":{"rendered":"\n<figure class=\"wp-block-audio\"><audio controls src=\"https:\/\/www.uninter.com\/radio\/wp-content\/uploads\/2023\/04\/chave-06-04-2023.mp3\"><\/audio><\/figure>\n\n\n\n<p>Nesta edi\u00e7\u00e3o do Chave Interdisciplinar vamos apresentar as reflex\u00f5es sobre o Dia Nacional de Mobiliza\u00e7\u00e3o pela Promo\u00e7\u00e3o da Sa\u00fade e Qualidade de Vida. Para a conversa recebemos os professores Rafael de Mello e Andr\u00e9 Luiz.<\/p>\n","protected":false},"excerpt":{"rendered":"<p>Nesta edi\u00e7\u00e3o do Chave Interdisciplinar vamos apresentar as reflex\u00f5es sobre o Dia Nacional de Mobiliza\u00e7\u00e3o&#8230;<\/p>\n","protected":false},"author":3,"featured_media":31168,"comment_status":"open","ping_status":"open","sticky":false,"template":"","format":"standard","meta":[],"categories":[2735],"tags":[],"_links":{"self":[{"href":"https:\/\/www.uninter.com\/radio\/wp-json\/wp\/v2\/posts\/35074"}],"collection":[{"href":"https:\/\/www.uninter.com\/radio\/wp-json\/wp\/v2\/posts"}],"about":[{"href":"https:\/\/www.uninter.com\/radio\/wp-json\/wp\/v2\/types\/post"}],"author":[{"embeddable":true,"href":"https:\/\/www.uninter.com\/radio\/wp-json\/wp\/v2\/users\/3"}],"replies":[{"embeddable":true,"href":"https:\/\/www.uninter.com\/radio\/wp-json\/wp\/v2\/comments?post=35074"}],"version-history":[{"count":1,"href":"https:\/\/www.uninter.com\/radio\/wp-json\/wp\/v2\/posts\/35074\/revisions"}],"predecessor-version":[{"id":35076,"href":"https:\/\/www.uninter.com\/radio\/wp-json\/wp\/v2\/posts\/35074\/revisions\/35076"}],"wp:featuredmedia":[{"embeddable":true,"href":"https:\/\/www.uninter.com\/radio\/wp-json\/wp\/v2\/media\/31168"}],"wp:attachment":[{"href":"https:\/\/www.uninter.com\/radio\/wp-json\/wp\/v2\/media?parent=35074"}],"wp:term":[{"taxonomy":"category","embeddable":true,"href":"https:\/\/www.uninter.com\/radio\/wp-json\/wp\/v2\/categories?post=35074"},{"taxonomy":"post_tag","embeddable":true,"href":"https:\/\/www.uninter.com\/radio\/wp-json\/wp\/v2\/tags?post=35074"}],"curies":[{"name":"wp","href":"https:\/\/api.w.org\/{rel}","templated":true}]}}