{"id":35050,"date":"2023-04-19T13:43:36","date_gmt":"2023-04-19T16:43:36","guid":{"rendered":"https:\/\/www.uninter.com\/radio\/?p=35050"},"modified":"2023-04-19T13:43:38","modified_gmt":"2023-04-19T16:43:38","slug":"art-cultura-o-doce-e-o-amargo-do-jornalismo-gastronomico","status":"publish","type":"post","link":"https:\/\/www.uninter.com\/radio\/art-cultura-o-doce-e-o-amargo-do-jornalismo-gastronomico","title":{"rendered":"Art&#038; Cultura | O doce e o amargo do Jornalismo Gastron\u00f4mico"},"content":{"rendered":"\n<figure class=\"wp-block-audio\"><audio controls src=\"https:\/\/www.uninter.com\/radio\/wp-content\/uploads\/2023\/04\/arte-cultura-04-04-2023.mp3\"><\/audio><\/figure>\n\n\n\n<p>O programa Art&amp; Cultura fala de uma \u00e1rea de atua\u00e7\u00e3o do jornalismo que desperta interesse e curiosidade em muitos, o jornalismo gastron\u00f4mico. Para falar sobre o tema, Arthur Salles e Barbara Carvalho recebem Gisele Rech, doutora em Comunica\u00e7\u00e3o pela Unesp e jornalista gastron\u00f4mica.<\/p>\n","protected":false},"excerpt":{"rendered":"<p>O programa Art&amp; Cultura fala de uma \u00e1rea de atua\u00e7\u00e3o do jornalismo que desperta interesse&#8230;<\/p>\n","protected":false},"author":3,"featured_media":31653,"comment_status":"open","ping_status":"open","sticky":false,"template":"","format":"standard","meta":[],"categories":[2773],"tags":[],"_links":{"self":[{"href":"https:\/\/www.uninter.com\/radio\/wp-json\/wp\/v2\/posts\/35050"}],"collection":[{"href":"https:\/\/www.uninter.com\/radio\/wp-json\/wp\/v2\/posts"}],"about":[{"href":"https:\/\/www.uninter.com\/radio\/wp-json\/wp\/v2\/types\/post"}],"author":[{"embeddable":true,"href":"https:\/\/www.uninter.com\/radio\/wp-json\/wp\/v2\/users\/3"}],"replies":[{"embeddable":true,"href":"https:\/\/www.uninter.com\/radio\/wp-json\/wp\/v2\/comments?post=35050"}],"version-history":[{"count":1,"href":"https:\/\/www.uninter.com\/radio\/wp-json\/wp\/v2\/posts\/35050\/revisions"}],"predecessor-version":[{"id":35052,"href":"https:\/\/www.uninter.com\/radio\/wp-json\/wp\/v2\/posts\/35050\/revisions\/35052"}],"wp:featuredmedia":[{"embeddable":true,"href":"https:\/\/www.uninter.com\/radio\/wp-json\/wp\/v2\/media\/31653"}],"wp:attachment":[{"href":"https:\/\/www.uninter.com\/radio\/wp-json\/wp\/v2\/media?parent=35050"}],"wp:term":[{"taxonomy":"category","embeddable":true,"href":"https:\/\/www.uninter.com\/radio\/wp-json\/wp\/v2\/categories?post=35050"},{"taxonomy":"post_tag","embeddable":true,"href":"https:\/\/www.uninter.com\/radio\/wp-json\/wp\/v2\/tags?post=35050"}],"curies":[{"name":"wp","href":"https:\/\/api.w.org\/{rel}","templated":true}]}}