{"id":35047,"date":"2023-04-19T13:41:22","date_gmt":"2023-04-19T16:41:22","guid":{"rendered":"https:\/\/www.uninter.com\/radio\/?p=35047"},"modified":"2023-04-19T13:41:24","modified_gmt":"2023-04-19T16:41:24","slug":"saude-em-foco-dia-mundial-da-saude-como-um-estilo-de-vida-saudavel-pode-prevenir-doencas","status":"publish","type":"post","link":"https:\/\/www.uninter.com\/radio\/saude-em-foco-dia-mundial-da-saude-como-um-estilo-de-vida-saudavel-pode-prevenir-doencas","title":{"rendered":"Sa\u00fade em Foco | Dia mundial da sa\u00fade: como um estilo de vida saud\u00e1vel pode prevenir doen\u00e7as?"},"content":{"rendered":"\n<figure class=\"wp-block-audio\"><audio controls src=\"https:\/\/www.uninter.com\/radio\/wp-content\/uploads\/2023\/04\/saude-em-foco-04-04-2023.mp3\"><\/audio><\/figure>\n\n\n\n<p>No dia 07 de abril comemoramos o Dia Mundial da Sa\u00fade, e para comemorar a data, o Sa\u00fade em Foco traz dicas e explica\u00e7\u00f5es de como ter um estilo de vida saud\u00e1vel. Para a conversa, Barbara Carvalho recebe as professoras Ana Paula Garcia e Patr\u00edcia Rondon.<\/p>\n","protected":false},"excerpt":{"rendered":"<p>No dia 07 de abril comemoramos o Dia Mundial da Sa\u00fade, e para comemorar a&#8230;<\/p>\n","protected":false},"author":3,"featured_media":33678,"comment_status":"open","ping_status":"open","sticky":false,"template":"","format":"standard","meta":[],"categories":[2790],"tags":[],"_links":{"self":[{"href":"https:\/\/www.uninter.com\/radio\/wp-json\/wp\/v2\/posts\/35047"}],"collection":[{"href":"https:\/\/www.uninter.com\/radio\/wp-json\/wp\/v2\/posts"}],"about":[{"href":"https:\/\/www.uninter.com\/radio\/wp-json\/wp\/v2\/types\/post"}],"author":[{"embeddable":true,"href":"https:\/\/www.uninter.com\/radio\/wp-json\/wp\/v2\/users\/3"}],"replies":[{"embeddable":true,"href":"https:\/\/www.uninter.com\/radio\/wp-json\/wp\/v2\/comments?post=35047"}],"version-history":[{"count":1,"href":"https:\/\/www.uninter.com\/radio\/wp-json\/wp\/v2\/posts\/35047\/revisions"}],"predecessor-version":[{"id":35049,"href":"https:\/\/www.uninter.com\/radio\/wp-json\/wp\/v2\/posts\/35047\/revisions\/35049"}],"wp:featuredmedia":[{"embeddable":true,"href":"https:\/\/www.uninter.com\/radio\/wp-json\/wp\/v2\/media\/33678"}],"wp:attachment":[{"href":"https:\/\/www.uninter.com\/radio\/wp-json\/wp\/v2\/media?parent=35047"}],"wp:term":[{"taxonomy":"category","embeddable":true,"href":"https:\/\/www.uninter.com\/radio\/wp-json\/wp\/v2\/categories?post=35047"},{"taxonomy":"post_tag","embeddable":true,"href":"https:\/\/www.uninter.com\/radio\/wp-json\/wp\/v2\/tags?post=35047"}],"curies":[{"name":"wp","href":"https:\/\/api.w.org\/{rel}","templated":true}]}}