{"id":35023,"date":"2023-04-17T10:16:35","date_gmt":"2023-04-17T13:16:35","guid":{"rendered":"https:\/\/www.uninter.com\/radio\/?p=35023"},"modified":"2023-04-17T10:16:52","modified_gmt":"2023-04-17T13:16:52","slug":"conversa-com-o-reitor-futuro-e-perspectivas-dos-cursos-tecnicos","status":"publish","type":"post","link":"https:\/\/www.uninter.com\/radio\/conversa-com-o-reitor-futuro-e-perspectivas-dos-cursos-tecnicos","title":{"rendered":"Conversa com o Reitor | Futuro e perspectivas dos cursos t\u00e9cnicos"},"content":{"rendered":"\n<figure class=\"wp-block-audio\"><audio controls src=\"https:\/\/www.uninter.com\/radio\/wp-content\/uploads\/2023\/04\/reitor-2.mp3\"><\/audio><\/figure>\n\n\n\n<p>A edi\u00e7\u00e3o do Conversa com o Reitor debate qual o futuro acad\u00eamico e profissional dos cursos t\u00e9cnicos. Benhur Gaio recebe o m\u00e9dico e conselheiro titular do Conselho de Educa\u00e7\u00e3o do Paran\u00e1 Oscar Alves e a diretora da Unintertech, Christiane Kaminski, para a conversa.<\/p>\n","protected":false},"excerpt":{"rendered":"<p>A edi\u00e7\u00e3o do Conversa com o Reitor debate qual o futuro acad\u00eamico e profissional dos&#8230;<\/p>\n","protected":false},"author":3,"featured_media":31088,"comment_status":"open","ping_status":"open","sticky":false,"template":"","format":"standard","meta":[],"categories":[2724],"tags":[],"_links":{"self":[{"href":"https:\/\/www.uninter.com\/radio\/wp-json\/wp\/v2\/posts\/35023"}],"collection":[{"href":"https:\/\/www.uninter.com\/radio\/wp-json\/wp\/v2\/posts"}],"about":[{"href":"https:\/\/www.uninter.com\/radio\/wp-json\/wp\/v2\/types\/post"}],"author":[{"embeddable":true,"href":"https:\/\/www.uninter.com\/radio\/wp-json\/wp\/v2\/users\/3"}],"replies":[{"embeddable":true,"href":"https:\/\/www.uninter.com\/radio\/wp-json\/wp\/v2\/comments?post=35023"}],"version-history":[{"count":1,"href":"https:\/\/www.uninter.com\/radio\/wp-json\/wp\/v2\/posts\/35023\/revisions"}],"predecessor-version":[{"id":35025,"href":"https:\/\/www.uninter.com\/radio\/wp-json\/wp\/v2\/posts\/35023\/revisions\/35025"}],"wp:featuredmedia":[{"embeddable":true,"href":"https:\/\/www.uninter.com\/radio\/wp-json\/wp\/v2\/media\/31088"}],"wp:attachment":[{"href":"https:\/\/www.uninter.com\/radio\/wp-json\/wp\/v2\/media?parent=35023"}],"wp:term":[{"taxonomy":"category","embeddable":true,"href":"https:\/\/www.uninter.com\/radio\/wp-json\/wp\/v2\/categories?post=35023"},{"taxonomy":"post_tag","embeddable":true,"href":"https:\/\/www.uninter.com\/radio\/wp-json\/wp\/v2\/tags?post=35023"}],"curies":[{"name":"wp","href":"https:\/\/api.w.org\/{rel}","templated":true}]}}