{"id":35010,"date":"2023-04-14T13:45:21","date_gmt":"2023-04-14T16:45:21","guid":{"rendered":"https:\/\/www.uninter.com\/radio\/?p=35010"},"modified":"2023-04-14T13:45:23","modified_gmt":"2023-04-14T16:45:23","slug":"sua-carreira-gestao-de-cooperativas","status":"publish","type":"post","link":"https:\/\/www.uninter.com\/radio\/sua-carreira-gestao-de-cooperativas","title":{"rendered":"Sua Carreira | Gest\u00e3o de cooperativas"},"content":{"rendered":"\n<figure class=\"wp-block-audio\"><audio controls src=\"https:\/\/www.uninter.com\/radio\/wp-content\/uploads\/2023\/04\/sua-carreira-30-03-2023.mp3\"><\/audio><\/figure>\n\n\n\n<p>O Sua Carreira apresenta o curso e o mercado de trabalho para gestores de cooperativas. Evandro Tosin recebe o coordenador do curso na Uninter, Cl\u00e1udio Aur\u00e9lio Hernandes, para a transmiss\u00e3o.<\/p>\n","protected":false},"excerpt":{"rendered":"<p>O Sua Carreira apresenta o curso e o mercado de trabalho para gestores de cooperativas&#8230;.<\/p>\n","protected":false},"author":3,"featured_media":33691,"comment_status":"open","ping_status":"open","sticky":false,"template":"","format":"standard","meta":[],"categories":[2711],"tags":[],"_links":{"self":[{"href":"https:\/\/www.uninter.com\/radio\/wp-json\/wp\/v2\/posts\/35010"}],"collection":[{"href":"https:\/\/www.uninter.com\/radio\/wp-json\/wp\/v2\/posts"}],"about":[{"href":"https:\/\/www.uninter.com\/radio\/wp-json\/wp\/v2\/types\/post"}],"author":[{"embeddable":true,"href":"https:\/\/www.uninter.com\/radio\/wp-json\/wp\/v2\/users\/3"}],"replies":[{"embeddable":true,"href":"https:\/\/www.uninter.com\/radio\/wp-json\/wp\/v2\/comments?post=35010"}],"version-history":[{"count":1,"href":"https:\/\/www.uninter.com\/radio\/wp-json\/wp\/v2\/posts\/35010\/revisions"}],"predecessor-version":[{"id":35012,"href":"https:\/\/www.uninter.com\/radio\/wp-json\/wp\/v2\/posts\/35010\/revisions\/35012"}],"wp:featuredmedia":[{"embeddable":true,"href":"https:\/\/www.uninter.com\/radio\/wp-json\/wp\/v2\/media\/33691"}],"wp:attachment":[{"href":"https:\/\/www.uninter.com\/radio\/wp-json\/wp\/v2\/media?parent=35010"}],"wp:term":[{"taxonomy":"category","embeddable":true,"href":"https:\/\/www.uninter.com\/radio\/wp-json\/wp\/v2\/categories?post=35010"},{"taxonomy":"post_tag","embeddable":true,"href":"https:\/\/www.uninter.com\/radio\/wp-json\/wp\/v2\/tags?post=35010"}],"curies":[{"name":"wp","href":"https:\/\/api.w.org\/{rel}","templated":true}]}}