{"id":35004,"date":"2023-04-14T13:40:00","date_gmt":"2023-04-14T16:40:00","guid":{"rendered":"https:\/\/www.uninter.com\/radio\/?p=35004"},"modified":"2023-04-14T13:40:02","modified_gmt":"2023-04-14T16:40:02","slug":"papo-castico-qual-a-cor-do-dinheiro-afroempreendedorismo-em-foco","status":"publish","type":"post","link":"https:\/\/www.uninter.com\/radio\/papo-castico-qual-a-cor-do-dinheiro-afroempreendedorismo-em-foco","title":{"rendered":"Papo Casti\u00e7o | Qual a cor do dinheiro? Afroempreendedorismo em foco"},"content":{"rendered":"\n<figure class=\"wp-block-audio\"><audio controls src=\"https:\/\/www.uninter.com\/radio\/wp-content\/uploads\/2023\/04\/papo-castico-29-03-2023.mp3\"><\/audio><\/figure>\n\n\n\n<p>Mesmo com o empreendedorismo em alta, o sonho de ter o pr\u00f3prio neg\u00f3cio \u00e9 um enorme desafio, principalmente na quest\u00e3o da forma\u00e7\u00e3o, do letramento em s\u00ed, para se obter um neg\u00f3cio saud\u00e1vel. Nesta edi\u00e7\u00e3o do Papo Casti\u00e7o Roberta Kisy, gerente de projetos, palestrante e coautora do livro \u201c Malas Prontas para o Sucesso\u201d, vem explicar o que \u00e9 controverso para alguns e inovador para outro, o mundo do afroeemprendendorismo. A apresenta\u00e7\u00e3o \u00e9 de Sandy Lylia da Silva. Para saber mais, conhe\u00e7a a Rede de Afroempreendedores do Paran\u00e1 pelo Instagram @afroempreenderpr e a Rede Brasil Afroempreendedor pelo\u00a0@reafro_nacional.<\/p>\n","protected":false},"excerpt":{"rendered":"<p>Mesmo com o empreendedorismo em alta, o sonho de ter o pr\u00f3prio neg\u00f3cio \u00e9 um&#8230;<\/p>\n","protected":false},"author":3,"featured_media":34252,"comment_status":"open","ping_status":"open","sticky":false,"template":"","format":"standard","meta":[],"categories":[2841],"tags":[],"_links":{"self":[{"href":"https:\/\/www.uninter.com\/radio\/wp-json\/wp\/v2\/posts\/35004"}],"collection":[{"href":"https:\/\/www.uninter.com\/radio\/wp-json\/wp\/v2\/posts"}],"about":[{"href":"https:\/\/www.uninter.com\/radio\/wp-json\/wp\/v2\/types\/post"}],"author":[{"embeddable":true,"href":"https:\/\/www.uninter.com\/radio\/wp-json\/wp\/v2\/users\/3"}],"replies":[{"embeddable":true,"href":"https:\/\/www.uninter.com\/radio\/wp-json\/wp\/v2\/comments?post=35004"}],"version-history":[{"count":1,"href":"https:\/\/www.uninter.com\/radio\/wp-json\/wp\/v2\/posts\/35004\/revisions"}],"predecessor-version":[{"id":35006,"href":"https:\/\/www.uninter.com\/radio\/wp-json\/wp\/v2\/posts\/35004\/revisions\/35006"}],"wp:featuredmedia":[{"embeddable":true,"href":"https:\/\/www.uninter.com\/radio\/wp-json\/wp\/v2\/media\/34252"}],"wp:attachment":[{"href":"https:\/\/www.uninter.com\/radio\/wp-json\/wp\/v2\/media?parent=35004"}],"wp:term":[{"taxonomy":"category","embeddable":true,"href":"https:\/\/www.uninter.com\/radio\/wp-json\/wp\/v2\/categories?post=35004"},{"taxonomy":"post_tag","embeddable":true,"href":"https:\/\/www.uninter.com\/radio\/wp-json\/wp\/v2\/tags?post=35004"}],"curies":[{"name":"wp","href":"https:\/\/api.w.org\/{rel}","templated":true}]}}