{"id":34985,"date":"2023-04-06T14:37:56","date_gmt":"2023-04-06T17:37:56","guid":{"rendered":"https:\/\/www.uninter.com\/radio\/?p=34985"},"modified":"2023-04-06T14:37:57","modified_gmt":"2023-04-06T17:37:57","slug":"chave-interdisciplinar-30-anos-do-dia-mundial-da-agua","status":"publish","type":"post","link":"https:\/\/www.uninter.com\/radio\/chave-interdisciplinar-30-anos-do-dia-mundial-da-agua","title":{"rendered":"Chave Interdisciplinar | 30 anos do dia mundial da \u00e1gua"},"content":{"rendered":"\n<figure class=\"wp-block-audio\"><audio controls src=\"https:\/\/www.uninter.com\/radio\/wp-content\/uploads\/2023\/04\/chave-23-03-2023.mp3\"><\/audio><\/figure>\n\n\n\n<p>Esta edi\u00e7\u00e3o do Chave Interdisciplinar busca atrav\u00e9s da conversa entre os professores convidados debater o contexto social, pol\u00edtico e econ\u00f4mico atual do uso da \u00e1gua as a\u00e7\u00f5es que est\u00e3o sendo realizadas para sua preserva\u00e7\u00e3o e como est\u00e1 sendo realizada a gest\u00e3o desse bem precioso para toda sociedade. Para a conversa recebemos os professores Otac\u00edlio Vaz, Ana Paula Mikosik e Renata Garbossa.<\/p>\n","protected":false},"excerpt":{"rendered":"<p>Esta edi\u00e7\u00e3o do Chave Interdisciplinar busca atrav\u00e9s da conversa entre os professores convidados debater o&#8230;<\/p>\n","protected":false},"author":3,"featured_media":31168,"comment_status":"open","ping_status":"open","sticky":false,"template":"","format":"standard","meta":[],"categories":[2735],"tags":[],"_links":{"self":[{"href":"https:\/\/www.uninter.com\/radio\/wp-json\/wp\/v2\/posts\/34985"}],"collection":[{"href":"https:\/\/www.uninter.com\/radio\/wp-json\/wp\/v2\/posts"}],"about":[{"href":"https:\/\/www.uninter.com\/radio\/wp-json\/wp\/v2\/types\/post"}],"author":[{"embeddable":true,"href":"https:\/\/www.uninter.com\/radio\/wp-json\/wp\/v2\/users\/3"}],"replies":[{"embeddable":true,"href":"https:\/\/www.uninter.com\/radio\/wp-json\/wp\/v2\/comments?post=34985"}],"version-history":[{"count":1,"href":"https:\/\/www.uninter.com\/radio\/wp-json\/wp\/v2\/posts\/34985\/revisions"}],"predecessor-version":[{"id":34987,"href":"https:\/\/www.uninter.com\/radio\/wp-json\/wp\/v2\/posts\/34985\/revisions\/34987"}],"wp:featuredmedia":[{"embeddable":true,"href":"https:\/\/www.uninter.com\/radio\/wp-json\/wp\/v2\/media\/31168"}],"wp:attachment":[{"href":"https:\/\/www.uninter.com\/radio\/wp-json\/wp\/v2\/media?parent=34985"}],"wp:term":[{"taxonomy":"category","embeddable":true,"href":"https:\/\/www.uninter.com\/radio\/wp-json\/wp\/v2\/categories?post=34985"},{"taxonomy":"post_tag","embeddable":true,"href":"https:\/\/www.uninter.com\/radio\/wp-json\/wp\/v2\/tags?post=34985"}],"curies":[{"name":"wp","href":"https:\/\/api.w.org\/{rel}","templated":true}]}}