{"id":34982,"date":"2023-04-06T14:32:54","date_gmt":"2023-04-06T17:32:54","guid":{"rendered":"https:\/\/www.uninter.com\/radio\/?p=34982"},"modified":"2023-04-06T14:32:56","modified_gmt":"2023-04-06T17:32:56","slug":"meia-hora-de-qualidade-polo-de-apoio-presencial-em-foco","status":"publish","type":"post","link":"https:\/\/www.uninter.com\/radio\/meia-hora-de-qualidade-polo-de-apoio-presencial-em-foco","title":{"rendered":"Meia Hora de Qualidade | Polo de apoio presencial em foco"},"content":{"rendered":"\n<figure class=\"wp-block-audio\"><audio controls src=\"https:\/\/www.uninter.com\/radio\/wp-content\/uploads\/2023\/04\/meia-hora-22-02-2023.mp3\"><\/audio><\/figure>\n\n\n\n<p>O Meia Hora de Qualidade apresenta o trabalho nos polos de apoio presencial da Uninter e a rela\u00e7\u00e3o desses espa\u00e7os com os alunos. O professor Edvaldo Rando Junior recebe a gestora da Escola de Polos, Francieli Castro, e o gestor do polo CIC de Curitiba (PR), Alvaro Jos\u00e9 de Oliveira, para o bate-papo.<\/p>\n","protected":false},"excerpt":{"rendered":"<p>O Meia Hora de Qualidade apresenta o trabalho nos polos de apoio presencial da Uninter&#8230;<\/p>\n","protected":false},"author":3,"featured_media":33113,"comment_status":"open","ping_status":"open","sticky":false,"template":"","format":"standard","meta":[],"categories":[2780],"tags":[],"_links":{"self":[{"href":"https:\/\/www.uninter.com\/radio\/wp-json\/wp\/v2\/posts\/34982"}],"collection":[{"href":"https:\/\/www.uninter.com\/radio\/wp-json\/wp\/v2\/posts"}],"about":[{"href":"https:\/\/www.uninter.com\/radio\/wp-json\/wp\/v2\/types\/post"}],"author":[{"embeddable":true,"href":"https:\/\/www.uninter.com\/radio\/wp-json\/wp\/v2\/users\/3"}],"replies":[{"embeddable":true,"href":"https:\/\/www.uninter.com\/radio\/wp-json\/wp\/v2\/comments?post=34982"}],"version-history":[{"count":1,"href":"https:\/\/www.uninter.com\/radio\/wp-json\/wp\/v2\/posts\/34982\/revisions"}],"predecessor-version":[{"id":34984,"href":"https:\/\/www.uninter.com\/radio\/wp-json\/wp\/v2\/posts\/34982\/revisions\/34984"}],"wp:featuredmedia":[{"embeddable":true,"href":"https:\/\/www.uninter.com\/radio\/wp-json\/wp\/v2\/media\/33113"}],"wp:attachment":[{"href":"https:\/\/www.uninter.com\/radio\/wp-json\/wp\/v2\/media?parent=34982"}],"wp:term":[{"taxonomy":"category","embeddable":true,"href":"https:\/\/www.uninter.com\/radio\/wp-json\/wp\/v2\/categories?post=34982"},{"taxonomy":"post_tag","embeddable":true,"href":"https:\/\/www.uninter.com\/radio\/wp-json\/wp\/v2\/tags?post=34982"}],"curies":[{"name":"wp","href":"https:\/\/api.w.org\/{rel}","templated":true}]}}