{"id":34979,"date":"2023-04-06T14:29:14","date_gmt":"2023-04-06T17:29:14","guid":{"rendered":"https:\/\/www.uninter.com\/radio\/?p=34979"},"modified":"2023-04-06T14:29:15","modified_gmt":"2023-04-06T17:29:15","slug":"cafe-e-conhecimento-o-crime-de-injuria-racial","status":"publish","type":"post","link":"https:\/\/www.uninter.com\/radio\/cafe-e-conhecimento-o-crime-de-injuria-racial","title":{"rendered":"Caf\u00e9 e Conhecimento | O crime de inj\u00faria racial"},"content":{"rendered":"\n<figure class=\"wp-block-audio\"><audio controls src=\"https:\/\/www.uninter.com\/radio\/wp-content\/uploads\/2023\/04\/cafe-22-03-2023.mp3\"><\/audio><\/figure>\n\n\n\n<p>Inj\u00faria racial consiste no ato de discrimina\u00e7\u00e3o por ra\u00e7a, cor ou origem que tem como finalidade, a partir de uma ofensa, impor humilha\u00e7\u00e3o a algu\u00e9m. Vamos falar sobre isso no Caf\u00e9 e Conhecimento, e para a conversa, Daniele Farinhas recebe Ana Paula Kosak, mestre em direito e especialista em direito penal e criminologia.<\/p>\n","protected":false},"excerpt":{"rendered":"<p>Inj\u00faria racial consiste no ato de discrimina\u00e7\u00e3o por ra\u00e7a, cor ou origem que tem como&#8230;<\/p>\n","protected":false},"author":3,"featured_media":33850,"comment_status":"open","ping_status":"open","sticky":false,"template":"","format":"standard","meta":[],"categories":[2839],"tags":[],"_links":{"self":[{"href":"https:\/\/www.uninter.com\/radio\/wp-json\/wp\/v2\/posts\/34979"}],"collection":[{"href":"https:\/\/www.uninter.com\/radio\/wp-json\/wp\/v2\/posts"}],"about":[{"href":"https:\/\/www.uninter.com\/radio\/wp-json\/wp\/v2\/types\/post"}],"author":[{"embeddable":true,"href":"https:\/\/www.uninter.com\/radio\/wp-json\/wp\/v2\/users\/3"}],"replies":[{"embeddable":true,"href":"https:\/\/www.uninter.com\/radio\/wp-json\/wp\/v2\/comments?post=34979"}],"version-history":[{"count":1,"href":"https:\/\/www.uninter.com\/radio\/wp-json\/wp\/v2\/posts\/34979\/revisions"}],"predecessor-version":[{"id":34981,"href":"https:\/\/www.uninter.com\/radio\/wp-json\/wp\/v2\/posts\/34979\/revisions\/34981"}],"wp:featuredmedia":[{"embeddable":true,"href":"https:\/\/www.uninter.com\/radio\/wp-json\/wp\/v2\/media\/33850"}],"wp:attachment":[{"href":"https:\/\/www.uninter.com\/radio\/wp-json\/wp\/v2\/media?parent=34979"}],"wp:term":[{"taxonomy":"category","embeddable":true,"href":"https:\/\/www.uninter.com\/radio\/wp-json\/wp\/v2\/categories?post=34979"},{"taxonomy":"post_tag","embeddable":true,"href":"https:\/\/www.uninter.com\/radio\/wp-json\/wp\/v2\/tags?post=34979"}],"curies":[{"name":"wp","href":"https:\/\/api.w.org\/{rel}","templated":true}]}}