{"id":34970,"date":"2023-04-06T14:20:32","date_gmt":"2023-04-06T17:20:32","guid":{"rendered":"https:\/\/www.uninter.com\/radio\/?p=34970"},"modified":"2023-04-06T14:20:33","modified_gmt":"2023-04-06T17:20:33","slug":"papo-castico-batuques-sagrados","status":"publish","type":"post","link":"https:\/\/www.uninter.com\/radio\/papo-castico-batuques-sagrados","title":{"rendered":"Papo Casti\u00e7o | Batuques sagrados"},"content":{"rendered":"\n<figure class=\"wp-block-audio\"><audio controls src=\"https:\/\/www.uninter.com\/radio\/wp-content\/uploads\/2023\/04\/papo-castico-22-03-2023.mp3\"><\/audio><\/figure>\n\n\n\n<p>Voc\u00ea sabe o que \u00e9, ou como se tornar um Og\u00e3? A Escola de Percuss\u00e3o de Terreiro e Forma\u00e7\u00e3o B\u00e1sica de Og\u00e3s, \u201dO Couro Fala\u201d nasceu em 2017 com o desejo de que nenhum terreiro fique sem uma curimba isto \u00e9, sem a presen\u00e7a de uma orquestra ancestral para sustentar esses espa\u00e7os sagrados. E para celebrarmos juntos o primeiro ano de comemora\u00e7\u00e3o do Dia Nacional das Tradi\u00e7\u00f5es Africanas, neste epis\u00f3dio do Papo Casti\u00e7o voc\u00ea poder\u00e1 conhecer mais sobre toda a magia dos atabaques e sua representatividade dentro dos terreiros de Umbanda. Sandy Lylia da Silva recebe Matheus Vicari, fundador da Escola \u201cO couro Fala\u201d e Nadia Koch integrante da \u201cO Couro Fala\u201d. Acompanhe.<\/p>\n","protected":false},"excerpt":{"rendered":"<p>Voc\u00ea sabe o que \u00e9, ou como se tornar um Og\u00e3? A Escola de Percuss\u00e3o&#8230;<\/p>\n","protected":false},"author":3,"featured_media":34252,"comment_status":"open","ping_status":"open","sticky":false,"template":"","format":"standard","meta":[],"categories":[2841],"tags":[],"_links":{"self":[{"href":"https:\/\/www.uninter.com\/radio\/wp-json\/wp\/v2\/posts\/34970"}],"collection":[{"href":"https:\/\/www.uninter.com\/radio\/wp-json\/wp\/v2\/posts"}],"about":[{"href":"https:\/\/www.uninter.com\/radio\/wp-json\/wp\/v2\/types\/post"}],"author":[{"embeddable":true,"href":"https:\/\/www.uninter.com\/radio\/wp-json\/wp\/v2\/users\/3"}],"replies":[{"embeddable":true,"href":"https:\/\/www.uninter.com\/radio\/wp-json\/wp\/v2\/comments?post=34970"}],"version-history":[{"count":1,"href":"https:\/\/www.uninter.com\/radio\/wp-json\/wp\/v2\/posts\/34970\/revisions"}],"predecessor-version":[{"id":34972,"href":"https:\/\/www.uninter.com\/radio\/wp-json\/wp\/v2\/posts\/34970\/revisions\/34972"}],"wp:featuredmedia":[{"embeddable":true,"href":"https:\/\/www.uninter.com\/radio\/wp-json\/wp\/v2\/media\/34252"}],"wp:attachment":[{"href":"https:\/\/www.uninter.com\/radio\/wp-json\/wp\/v2\/media?parent=34970"}],"wp:term":[{"taxonomy":"category","embeddable":true,"href":"https:\/\/www.uninter.com\/radio\/wp-json\/wp\/v2\/categories?post=34970"},{"taxonomy":"post_tag","embeddable":true,"href":"https:\/\/www.uninter.com\/radio\/wp-json\/wp\/v2\/tags?post=34970"}],"curies":[{"name":"wp","href":"https:\/\/api.w.org\/{rel}","templated":true}]}}