{"id":34964,"date":"2023-04-06T14:08:53","date_gmt":"2023-04-06T17:08:53","guid":{"rendered":"https:\/\/www.uninter.com\/radio\/?p=34964"},"modified":"2023-04-06T14:08:54","modified_gmt":"2023-04-06T17:08:54","slug":"saude-em-foco-estresse-ansiedade-e-depressao-o-que-e-como-previnir-e-como-tratar","status":"publish","type":"post","link":"https:\/\/www.uninter.com\/radio\/saude-em-foco-estresse-ansiedade-e-depressao-o-que-e-como-previnir-e-como-tratar","title":{"rendered":"Sa\u00fade em Foco | Estresse, ansiedade e depress\u00e3o: o que \u00e9, como previnir e como tratar?"},"content":{"rendered":"\n<figure class=\"wp-block-audio\"><audio controls src=\"https:\/\/www.uninter.com\/radio\/wp-content\/uploads\/2023\/04\/saude-em-foco-21-03-2023.mp3\"><\/audio><\/figure>\n\n\n\n<p>O estresse, a ansiedade e a depress\u00e3o s\u00e3o doen\u00e7as cada vez mais comuns na sociedade, e na edi\u00e7\u00e3o do Sa\u00fade em Foco dessa semana, voc\u00ea vai saber o que s\u00e3o, como prevenir e tratar essas situa\u00e7\u00f5es. Para a conversa, Barbara Carvalho recebe os professores Giseli Cipriano Rodacoski, C\u00e1ssio Gon\u00e7alves de Azevedo e Juliana dos Santos Louren\u00e7o.<\/p>\n","protected":false},"excerpt":{"rendered":"<p>O estresse, a ansiedade e a depress\u00e3o s\u00e3o doen\u00e7as cada vez mais comuns na sociedade,&#8230;<\/p>\n","protected":false},"author":3,"featured_media":33678,"comment_status":"open","ping_status":"open","sticky":false,"template":"","format":"standard","meta":[],"categories":[2790],"tags":[],"_links":{"self":[{"href":"https:\/\/www.uninter.com\/radio\/wp-json\/wp\/v2\/posts\/34964"}],"collection":[{"href":"https:\/\/www.uninter.com\/radio\/wp-json\/wp\/v2\/posts"}],"about":[{"href":"https:\/\/www.uninter.com\/radio\/wp-json\/wp\/v2\/types\/post"}],"author":[{"embeddable":true,"href":"https:\/\/www.uninter.com\/radio\/wp-json\/wp\/v2\/users\/3"}],"replies":[{"embeddable":true,"href":"https:\/\/www.uninter.com\/radio\/wp-json\/wp\/v2\/comments?post=34964"}],"version-history":[{"count":1,"href":"https:\/\/www.uninter.com\/radio\/wp-json\/wp\/v2\/posts\/34964\/revisions"}],"predecessor-version":[{"id":34966,"href":"https:\/\/www.uninter.com\/radio\/wp-json\/wp\/v2\/posts\/34964\/revisions\/34966"}],"wp:featuredmedia":[{"embeddable":true,"href":"https:\/\/www.uninter.com\/radio\/wp-json\/wp\/v2\/media\/33678"}],"wp:attachment":[{"href":"https:\/\/www.uninter.com\/radio\/wp-json\/wp\/v2\/media?parent=34964"}],"wp:term":[{"taxonomy":"category","embeddable":true,"href":"https:\/\/www.uninter.com\/radio\/wp-json\/wp\/v2\/categories?post=34964"},{"taxonomy":"post_tag","embeddable":true,"href":"https:\/\/www.uninter.com\/radio\/wp-json\/wp\/v2\/tags?post=34964"}],"curies":[{"name":"wp","href":"https:\/\/api.w.org\/{rel}","templated":true}]}}