{"id":34956,"date":"2023-03-30T10:35:43","date_gmt":"2023-03-30T13:35:43","guid":{"rendered":"https:\/\/www.uninter.com\/radio\/?p=34956"},"modified":"2023-03-30T10:35:44","modified_gmt":"2023-03-30T13:35:44","slug":"inclusao-em-rede-o-curso-letras-libras","status":"publish","type":"post","link":"https:\/\/www.uninter.com\/radio\/inclusao-em-rede-o-curso-letras-libras","title":{"rendered":"Inclus\u00e3o em Rede | O curso Letras Libras"},"content":{"rendered":"\n<figure class=\"wp-block-audio\"><audio controls src=\"https:\/\/www.uninter.com\/radio\/wp-content\/uploads\/2023\/03\/inclusao-em-rede-17-03-2023-2.mp3\"><\/audio><\/figure>\n\n\n\n<p>O Inclus\u00e3o em Rede apresenta o novo curso de Letras: Libras da Uninter, com o professor Jonatas Medeiros e o diretor da Escola Superior de L\u00ednguas, Jeferson Ferro. Com apresenta\u00e7\u00e3o da coordenadora do Sianee, Leomar Marchesini.<\/p>\n","protected":false},"excerpt":{"rendered":"<p>O Inclus\u00e3o em Rede apresenta o novo curso de Letras: Libras da Uninter, com o&#8230;<\/p>\n","protected":false},"author":3,"featured_media":33698,"comment_status":"open","ping_status":"open","sticky":false,"template":"","format":"standard","meta":[],"categories":[2727],"tags":[],"_links":{"self":[{"href":"https:\/\/www.uninter.com\/radio\/wp-json\/wp\/v2\/posts\/34956"}],"collection":[{"href":"https:\/\/www.uninter.com\/radio\/wp-json\/wp\/v2\/posts"}],"about":[{"href":"https:\/\/www.uninter.com\/radio\/wp-json\/wp\/v2\/types\/post"}],"author":[{"embeddable":true,"href":"https:\/\/www.uninter.com\/radio\/wp-json\/wp\/v2\/users\/3"}],"replies":[{"embeddable":true,"href":"https:\/\/www.uninter.com\/radio\/wp-json\/wp\/v2\/comments?post=34956"}],"version-history":[{"count":1,"href":"https:\/\/www.uninter.com\/radio\/wp-json\/wp\/v2\/posts\/34956\/revisions"}],"predecessor-version":[{"id":34958,"href":"https:\/\/www.uninter.com\/radio\/wp-json\/wp\/v2\/posts\/34956\/revisions\/34958"}],"wp:featuredmedia":[{"embeddable":true,"href":"https:\/\/www.uninter.com\/radio\/wp-json\/wp\/v2\/media\/33698"}],"wp:attachment":[{"href":"https:\/\/www.uninter.com\/radio\/wp-json\/wp\/v2\/media?parent=34956"}],"wp:term":[{"taxonomy":"category","embeddable":true,"href":"https:\/\/www.uninter.com\/radio\/wp-json\/wp\/v2\/categories?post=34956"},{"taxonomy":"post_tag","embeddable":true,"href":"https:\/\/www.uninter.com\/radio\/wp-json\/wp\/v2\/tags?post=34956"}],"curies":[{"name":"wp","href":"https:\/\/api.w.org\/{rel}","templated":true}]}}