{"id":34919,"date":"2023-03-30T09:53:02","date_gmt":"2023-03-30T12:53:02","guid":{"rendered":"https:\/\/www.uninter.com\/radio\/?p=34919"},"modified":"2023-03-30T09:53:03","modified_gmt":"2023-03-30T12:53:03","slug":"art-cultura-festival-de-curitiba-2023","status":"publish","type":"post","link":"https:\/\/www.uninter.com\/radio\/art-cultura-festival-de-curitiba-2023","title":{"rendered":"Art&#038; Cultura | Festival de Curitiba 2023"},"content":{"rendered":"\n<figure class=\"wp-block-audio\"><audio controls src=\"https:\/\/www.uninter.com\/radio\/wp-content\/uploads\/2023\/03\/arte-cultura-14-03-2023.mp3\"><\/audio><\/figure>\n\n\n\n<p>Um dos maiores festivais de teatro do mundo est\u00e1 chegando a sua 31\u00aa edi\u00e7\u00e3o, e o Art&amp; Cultura vai apresentar as principais atra\u00e7\u00f5es deste ano e curiosidades sobre a realiza\u00e7\u00e3o deste superevento. Barbara Carvalho e Arthur Salles recebem a diretora do Festival de Curitiba, Fab\u00edula Passini, para o bate-papo.<\/p>\n","protected":false},"excerpt":{"rendered":"<p>Um dos maiores festivais de teatro do mundo est\u00e1 chegando a sua 31\u00aa edi\u00e7\u00e3o, e&#8230;<\/p>\n","protected":false},"author":3,"featured_media":31653,"comment_status":"open","ping_status":"open","sticky":false,"template":"","format":"standard","meta":[],"categories":[2773],"tags":[],"_links":{"self":[{"href":"https:\/\/www.uninter.com\/radio\/wp-json\/wp\/v2\/posts\/34919"}],"collection":[{"href":"https:\/\/www.uninter.com\/radio\/wp-json\/wp\/v2\/posts"}],"about":[{"href":"https:\/\/www.uninter.com\/radio\/wp-json\/wp\/v2\/types\/post"}],"author":[{"embeddable":true,"href":"https:\/\/www.uninter.com\/radio\/wp-json\/wp\/v2\/users\/3"}],"replies":[{"embeddable":true,"href":"https:\/\/www.uninter.com\/radio\/wp-json\/wp\/v2\/comments?post=34919"}],"version-history":[{"count":1,"href":"https:\/\/www.uninter.com\/radio\/wp-json\/wp\/v2\/posts\/34919\/revisions"}],"predecessor-version":[{"id":34921,"href":"https:\/\/www.uninter.com\/radio\/wp-json\/wp\/v2\/posts\/34919\/revisions\/34921"}],"wp:featuredmedia":[{"embeddable":true,"href":"https:\/\/www.uninter.com\/radio\/wp-json\/wp\/v2\/media\/31653"}],"wp:attachment":[{"href":"https:\/\/www.uninter.com\/radio\/wp-json\/wp\/v2\/media?parent=34919"}],"wp:term":[{"taxonomy":"category","embeddable":true,"href":"https:\/\/www.uninter.com\/radio\/wp-json\/wp\/v2\/categories?post=34919"},{"taxonomy":"post_tag","embeddable":true,"href":"https:\/\/www.uninter.com\/radio\/wp-json\/wp\/v2\/tags?post=34919"}],"curies":[{"name":"wp","href":"https:\/\/api.w.org\/{rel}","templated":true}]}}