{"id":34916,"date":"2023-03-30T09:50:29","date_gmt":"2023-03-30T12:50:29","guid":{"rendered":"https:\/\/www.uninter.com\/radio\/?p=34916"},"modified":"2023-03-30T09:50:30","modified_gmt":"2023-03-30T12:50:30","slug":"saude-em-foco-dia-nacional-dos-animais","status":"publish","type":"post","link":"https:\/\/www.uninter.com\/radio\/saude-em-foco-dia-nacional-dos-animais","title":{"rendered":"Sa\u00fade em Foco | Dia Nacional dos Animais"},"content":{"rendered":"\n<figure class=\"wp-block-audio\"><audio controls src=\"https:\/\/www.uninter.com\/radio\/wp-content\/uploads\/2023\/03\/saude-em-foco-14-03-2023.mp3\"><\/audio><\/figure>\n\n\n\n<p>O Sa\u00fade em Foco comemora o Dia Nacional dos Animais com a presen\u00e7a dos m\u00e9dicos veterin\u00e1rios Marivaldo Oliveira, Paulo Felipe Goiozo e Poliana Vicente.<\/p>\n","protected":false},"excerpt":{"rendered":"<p>O Sa\u00fade em Foco comemora o Dia Nacional dos Animais com a presen\u00e7a dos m\u00e9dicos&#8230;<\/p>\n","protected":false},"author":3,"featured_media":33678,"comment_status":"open","ping_status":"open","sticky":false,"template":"","format":"standard","meta":[],"categories":[2790],"tags":[],"_links":{"self":[{"href":"https:\/\/www.uninter.com\/radio\/wp-json\/wp\/v2\/posts\/34916"}],"collection":[{"href":"https:\/\/www.uninter.com\/radio\/wp-json\/wp\/v2\/posts"}],"about":[{"href":"https:\/\/www.uninter.com\/radio\/wp-json\/wp\/v2\/types\/post"}],"author":[{"embeddable":true,"href":"https:\/\/www.uninter.com\/radio\/wp-json\/wp\/v2\/users\/3"}],"replies":[{"embeddable":true,"href":"https:\/\/www.uninter.com\/radio\/wp-json\/wp\/v2\/comments?post=34916"}],"version-history":[{"count":1,"href":"https:\/\/www.uninter.com\/radio\/wp-json\/wp\/v2\/posts\/34916\/revisions"}],"predecessor-version":[{"id":34918,"href":"https:\/\/www.uninter.com\/radio\/wp-json\/wp\/v2\/posts\/34916\/revisions\/34918"}],"wp:featuredmedia":[{"embeddable":true,"href":"https:\/\/www.uninter.com\/radio\/wp-json\/wp\/v2\/media\/33678"}],"wp:attachment":[{"href":"https:\/\/www.uninter.com\/radio\/wp-json\/wp\/v2\/media?parent=34916"}],"wp:term":[{"taxonomy":"category","embeddable":true,"href":"https:\/\/www.uninter.com\/radio\/wp-json\/wp\/v2\/categories?post=34916"},{"taxonomy":"post_tag","embeddable":true,"href":"https:\/\/www.uninter.com\/radio\/wp-json\/wp\/v2\/tags?post=34916"}],"curies":[{"name":"wp","href":"https:\/\/api.w.org\/{rel}","templated":true}]}}