{"id":34907,"date":"2023-03-23T15:37:26","date_gmt":"2023-03-23T18:37:26","guid":{"rendered":"https:\/\/www.uninter.com\/radio\/?p=34907"},"modified":"2023-03-23T15:37:28","modified_gmt":"2023-03-23T18:37:28","slug":"conversa-com-o-reitor-feirao-de-profissoes-uninter-2023","status":"publish","type":"post","link":"https:\/\/www.uninter.com\/radio\/conversa-com-o-reitor-feirao-de-profissoes-uninter-2023","title":{"rendered":"Conversa com o Reitor | Feir\u00e3o de Profiss\u00f5es Uninter 2023"},"content":{"rendered":"\n<figure class=\"wp-block-audio\"><audio controls src=\"https:\/\/www.uninter.com\/radio\/wp-content\/uploads\/2023\/03\/conversa-com-o-reitor-10-03-2023.mp3\"><\/audio><\/figure>\n\n\n\n<p>O Conversa com o Reitor apresenta a edi\u00e7\u00e3o de 2023 do Feir\u00e3o de Profiss\u00f5es Uninter. Benhur Gaio recebe o pr\u00f3-reitor de gradua\u00e7\u00e3o, Rodrigo Bert\u00e9, e o coordenador dos cursos de Varejo Digital e Gest\u00e3o Comercial, Elizeu Alves, para te deixar por dentro deste superevento.<\/p>\n","protected":false},"excerpt":{"rendered":"<p>O Conversa com o Reitor apresenta a edi\u00e7\u00e3o de 2023 do Feir\u00e3o de Profiss\u00f5es Uninter&#8230;.<\/p>\n","protected":false},"author":3,"featured_media":31088,"comment_status":"open","ping_status":"open","sticky":false,"template":"","format":"standard","meta":[],"categories":[2724],"tags":[],"_links":{"self":[{"href":"https:\/\/www.uninter.com\/radio\/wp-json\/wp\/v2\/posts\/34907"}],"collection":[{"href":"https:\/\/www.uninter.com\/radio\/wp-json\/wp\/v2\/posts"}],"about":[{"href":"https:\/\/www.uninter.com\/radio\/wp-json\/wp\/v2\/types\/post"}],"author":[{"embeddable":true,"href":"https:\/\/www.uninter.com\/radio\/wp-json\/wp\/v2\/users\/3"}],"replies":[{"embeddable":true,"href":"https:\/\/www.uninter.com\/radio\/wp-json\/wp\/v2\/comments?post=34907"}],"version-history":[{"count":1,"href":"https:\/\/www.uninter.com\/radio\/wp-json\/wp\/v2\/posts\/34907\/revisions"}],"predecessor-version":[{"id":34909,"href":"https:\/\/www.uninter.com\/radio\/wp-json\/wp\/v2\/posts\/34907\/revisions\/34909"}],"wp:featuredmedia":[{"embeddable":true,"href":"https:\/\/www.uninter.com\/radio\/wp-json\/wp\/v2\/media\/31088"}],"wp:attachment":[{"href":"https:\/\/www.uninter.com\/radio\/wp-json\/wp\/v2\/media?parent=34907"}],"wp:term":[{"taxonomy":"category","embeddable":true,"href":"https:\/\/www.uninter.com\/radio\/wp-json\/wp\/v2\/categories?post=34907"},{"taxonomy":"post_tag","embeddable":true,"href":"https:\/\/www.uninter.com\/radio\/wp-json\/wp\/v2\/tags?post=34907"}],"curies":[{"name":"wp","href":"https:\/\/api.w.org\/{rel}","templated":true}]}}