{"id":34898,"date":"2023-03-23T14:14:54","date_gmt":"2023-03-23T17:14:54","guid":{"rendered":"https:\/\/www.uninter.com\/radio\/?p=34898"},"modified":"2023-03-23T14:14:56","modified_gmt":"2023-03-23T17:14:56","slug":"chave-interdisciplinar-dia-internacional-das-mulheres-e-meninas-nas-ciencias","status":"publish","type":"post","link":"https:\/\/www.uninter.com\/radio\/chave-interdisciplinar-dia-internacional-das-mulheres-e-meninas-nas-ciencias","title":{"rendered":"Chave Interdisciplinar | Dia Internacional das Mulheres e Meninas nas Ci\u00eancias"},"content":{"rendered":"\n<figure class=\"wp-block-audio\"><audio controls src=\"https:\/\/www.uninter.com\/radio\/wp-content\/uploads\/2023\/03\/Chave-09-03-2023.mp3\"><\/audio><\/figure>\n\n\n\n<p>O Chave Interdisciplinar celebra o Dia Internacional das Mulheres para apresentar o espa\u00e7o que a mulher ocupa na ci\u00eancia. Com participa\u00e7\u00e3o dos professores Maria Tereza Xavier e Julia Bertoti.<\/p>\n","protected":false},"excerpt":{"rendered":"<p>O Chave Interdisciplinar celebra o Dia Internacional das Mulheres para apresentar o espa\u00e7o que a&#8230;<\/p>\n","protected":false},"author":3,"featured_media":33668,"comment_status":"open","ping_status":"open","sticky":false,"template":"","format":"standard","meta":[],"categories":[2735],"tags":[],"_links":{"self":[{"href":"https:\/\/www.uninter.com\/radio\/wp-json\/wp\/v2\/posts\/34898"}],"collection":[{"href":"https:\/\/www.uninter.com\/radio\/wp-json\/wp\/v2\/posts"}],"about":[{"href":"https:\/\/www.uninter.com\/radio\/wp-json\/wp\/v2\/types\/post"}],"author":[{"embeddable":true,"href":"https:\/\/www.uninter.com\/radio\/wp-json\/wp\/v2\/users\/3"}],"replies":[{"embeddable":true,"href":"https:\/\/www.uninter.com\/radio\/wp-json\/wp\/v2\/comments?post=34898"}],"version-history":[{"count":1,"href":"https:\/\/www.uninter.com\/radio\/wp-json\/wp\/v2\/posts\/34898\/revisions"}],"predecessor-version":[{"id":34900,"href":"https:\/\/www.uninter.com\/radio\/wp-json\/wp\/v2\/posts\/34898\/revisions\/34900"}],"wp:featuredmedia":[{"embeddable":true,"href":"https:\/\/www.uninter.com\/radio\/wp-json\/wp\/v2\/media\/33668"}],"wp:attachment":[{"href":"https:\/\/www.uninter.com\/radio\/wp-json\/wp\/v2\/media?parent=34898"}],"wp:term":[{"taxonomy":"category","embeddable":true,"href":"https:\/\/www.uninter.com\/radio\/wp-json\/wp\/v2\/categories?post=34898"},{"taxonomy":"post_tag","embeddable":true,"href":"https:\/\/www.uninter.com\/radio\/wp-json\/wp\/v2\/tags?post=34898"}],"curies":[{"name":"wp","href":"https:\/\/api.w.org\/{rel}","templated":true}]}}