{"id":34892,"date":"2023-03-23T14:03:16","date_gmt":"2023-03-23T17:03:16","guid":{"rendered":"https:\/\/www.uninter.com\/radio\/?p=34892"},"modified":"2023-03-23T14:03:17","modified_gmt":"2023-03-23T17:03:17","slug":"cafe-e-conhecimento-carreiras-juridicas-no-mundo-feminino","status":"publish","type":"post","link":"https:\/\/www.uninter.com\/radio\/cafe-e-conhecimento-carreiras-juridicas-no-mundo-feminino","title":{"rendered":"Caf\u00e9 e Conhecimento\u00a0| Carreiras jur\u00eddicas no mundo feminino"},"content":{"rendered":"\n<figure class=\"wp-block-audio\"><audio controls src=\"https:\/\/www.uninter.com\/radio\/wp-content\/uploads\/2023\/03\/cafe-e-conhecimento-08-03-2023.mp3\"><\/audio><\/figure>\n\n\n\n<p>Em edi\u00e7\u00e3o especial ao Dia Internacional da Mulher, o Caf\u00e9 &amp; Conhecimento traz uma bancada toda feminina para discutir as carreiras jur\u00eddicas. Para o bate-papo, Daniele Farinhas recebe a Diretora da Escola Jur\u00eddica da Uninter, D\u00e9bora Veneral, e a coordenadora do curso de Direito, Tiemi Saito.<\/p>\n","protected":false},"excerpt":{"rendered":"<p>Em edi\u00e7\u00e3o especial ao Dia Internacional da Mulher, o Caf\u00e9 &amp; Conhecimento traz uma bancada&#8230;<\/p>\n","protected":false},"author":3,"featured_media":33850,"comment_status":"open","ping_status":"open","sticky":false,"template":"","format":"standard","meta":[],"categories":[2839],"tags":[],"_links":{"self":[{"href":"https:\/\/www.uninter.com\/radio\/wp-json\/wp\/v2\/posts\/34892"}],"collection":[{"href":"https:\/\/www.uninter.com\/radio\/wp-json\/wp\/v2\/posts"}],"about":[{"href":"https:\/\/www.uninter.com\/radio\/wp-json\/wp\/v2\/types\/post"}],"author":[{"embeddable":true,"href":"https:\/\/www.uninter.com\/radio\/wp-json\/wp\/v2\/users\/3"}],"replies":[{"embeddable":true,"href":"https:\/\/www.uninter.com\/radio\/wp-json\/wp\/v2\/comments?post=34892"}],"version-history":[{"count":1,"href":"https:\/\/www.uninter.com\/radio\/wp-json\/wp\/v2\/posts\/34892\/revisions"}],"predecessor-version":[{"id":34894,"href":"https:\/\/www.uninter.com\/radio\/wp-json\/wp\/v2\/posts\/34892\/revisions\/34894"}],"wp:featuredmedia":[{"embeddable":true,"href":"https:\/\/www.uninter.com\/radio\/wp-json\/wp\/v2\/media\/33850"}],"wp:attachment":[{"href":"https:\/\/www.uninter.com\/radio\/wp-json\/wp\/v2\/media?parent=34892"}],"wp:term":[{"taxonomy":"category","embeddable":true,"href":"https:\/\/www.uninter.com\/radio\/wp-json\/wp\/v2\/categories?post=34892"},{"taxonomy":"post_tag","embeddable":true,"href":"https:\/\/www.uninter.com\/radio\/wp-json\/wp\/v2\/tags?post=34892"}],"curies":[{"name":"wp","href":"https:\/\/api.w.org\/{rel}","templated":true}]}}