{"id":34874,"date":"2023-03-23T13:40:45","date_gmt":"2023-03-23T16:40:45","guid":{"rendered":"https:\/\/www.uninter.com\/radio\/?p=34874"},"modified":"2023-03-23T13:40:46","modified_gmt":"2023-03-23T16:40:46","slug":"conheca-seu-direito-falencia-e-recuperacao-judicial-efeitos-sociais-e-juridicos","status":"publish","type":"post","link":"https:\/\/www.uninter.com\/radio\/conheca-seu-direito-falencia-e-recuperacao-judicial-efeitos-sociais-e-juridicos","title":{"rendered":"Conhe\u00e7a seu Direito | Fal\u00eancia e Recupera\u00e7\u00e3o Judicial: efeitos sociais e jur\u00eddicos"},"content":{"rendered":"\n<figure class=\"wp-block-audio\"><audio controls src=\"https:\/\/www.uninter.com\/radio\/wp-content\/uploads\/2023\/03\/conheca-seu-direito-06-03-2023.mp3\"><\/audio><\/figure>\n\n\n\n<p>Na edi\u00e7\u00e3o de mar\u00e7o o programa Conhe\u00e7a seu Direito fala sobre Fal\u00eancia e Recupera\u00e7\u00e3o Judicial: efeitos sociais e jur\u00eddicos. Para debater o assunto, os professores Silvano Alcantara, Jennifer Manfrin e Priscilla Bortolotto Ribeiro recebem Carlos Roberto Claro. Acompanhe.<\/p>\n","protected":false},"excerpt":{"rendered":"<p>Na edi\u00e7\u00e3o de mar\u00e7o o programa Conhe\u00e7a seu Direito fala sobre Fal\u00eancia e Recupera\u00e7\u00e3o Judicial:&#8230;<\/p>\n","protected":false},"author":3,"featured_media":33660,"comment_status":"open","ping_status":"open","sticky":false,"template":"","format":"standard","meta":[],"categories":[2703],"tags":[],"_links":{"self":[{"href":"https:\/\/www.uninter.com\/radio\/wp-json\/wp\/v2\/posts\/34874"}],"collection":[{"href":"https:\/\/www.uninter.com\/radio\/wp-json\/wp\/v2\/posts"}],"about":[{"href":"https:\/\/www.uninter.com\/radio\/wp-json\/wp\/v2\/types\/post"}],"author":[{"embeddable":true,"href":"https:\/\/www.uninter.com\/radio\/wp-json\/wp\/v2\/users\/3"}],"replies":[{"embeddable":true,"href":"https:\/\/www.uninter.com\/radio\/wp-json\/wp\/v2\/comments?post=34874"}],"version-history":[{"count":1,"href":"https:\/\/www.uninter.com\/radio\/wp-json\/wp\/v2\/posts\/34874\/revisions"}],"predecessor-version":[{"id":34876,"href":"https:\/\/www.uninter.com\/radio\/wp-json\/wp\/v2\/posts\/34874\/revisions\/34876"}],"wp:featuredmedia":[{"embeddable":true,"href":"https:\/\/www.uninter.com\/radio\/wp-json\/wp\/v2\/media\/33660"}],"wp:attachment":[{"href":"https:\/\/www.uninter.com\/radio\/wp-json\/wp\/v2\/media?parent=34874"}],"wp:term":[{"taxonomy":"category","embeddable":true,"href":"https:\/\/www.uninter.com\/radio\/wp-json\/wp\/v2\/categories?post=34874"},{"taxonomy":"post_tag","embeddable":true,"href":"https:\/\/www.uninter.com\/radio\/wp-json\/wp\/v2\/tags?post=34874"}],"curies":[{"name":"wp","href":"https:\/\/api.w.org\/{rel}","templated":true}]}}