{"id":34868,"date":"2023-03-14T16:15:20","date_gmt":"2023-03-14T19:15:20","guid":{"rendered":"https:\/\/www.uninter.com\/radio\/?p=34868"},"modified":"2023-03-14T16:15:22","modified_gmt":"2023-03-14T19:15:22","slug":"inclusao-em-rede-deficiencia-visual-e-protagonismo-de-vida","status":"publish","type":"post","link":"https:\/\/www.uninter.com\/radio\/inclusao-em-rede-deficiencia-visual-e-protagonismo-de-vida","title":{"rendered":"Inclus\u00e3o em Rede | Defici\u00eancia visual e protagonismo de vida"},"content":{"rendered":"\n<figure class=\"wp-block-audio\"><audio controls src=\"https:\/\/www.uninter.com\/radio\/wp-content\/uploads\/2023\/03\/incluso-em-rede-03-03-2023.mp3\"><\/audio><\/figure>\n\n\n\n<p>Temos edi\u00e7\u00e3o in\u00e9dita do programa Inclus\u00e3o em Rede, e dessa vez, vamos falar sobre a defici\u00eancia visual e protagonismo de vida. Para o bate-papo, Leomar Marchesini recebe o advogado Walney Coleto Subtil.<\/p>\n","protected":false},"excerpt":{"rendered":"<p>Temos edi\u00e7\u00e3o in\u00e9dita do programa Inclus\u00e3o em Rede, e dessa vez, vamos falar sobre a&#8230;<\/p>\n","protected":false},"author":3,"featured_media":33698,"comment_status":"open","ping_status":"open","sticky":false,"template":"","format":"standard","meta":[],"categories":[2727],"tags":[],"_links":{"self":[{"href":"https:\/\/www.uninter.com\/radio\/wp-json\/wp\/v2\/posts\/34868"}],"collection":[{"href":"https:\/\/www.uninter.com\/radio\/wp-json\/wp\/v2\/posts"}],"about":[{"href":"https:\/\/www.uninter.com\/radio\/wp-json\/wp\/v2\/types\/post"}],"author":[{"embeddable":true,"href":"https:\/\/www.uninter.com\/radio\/wp-json\/wp\/v2\/users\/3"}],"replies":[{"embeddable":true,"href":"https:\/\/www.uninter.com\/radio\/wp-json\/wp\/v2\/comments?post=34868"}],"version-history":[{"count":1,"href":"https:\/\/www.uninter.com\/radio\/wp-json\/wp\/v2\/posts\/34868\/revisions"}],"predecessor-version":[{"id":34870,"href":"https:\/\/www.uninter.com\/radio\/wp-json\/wp\/v2\/posts\/34868\/revisions\/34870"}],"wp:featuredmedia":[{"embeddable":true,"href":"https:\/\/www.uninter.com\/radio\/wp-json\/wp\/v2\/media\/33698"}],"wp:attachment":[{"href":"https:\/\/www.uninter.com\/radio\/wp-json\/wp\/v2\/media?parent=34868"}],"wp:term":[{"taxonomy":"category","embeddable":true,"href":"https:\/\/www.uninter.com\/radio\/wp-json\/wp\/v2\/categories?post=34868"},{"taxonomy":"post_tag","embeddable":true,"href":"https:\/\/www.uninter.com\/radio\/wp-json\/wp\/v2\/tags?post=34868"}],"curies":[{"name":"wp","href":"https:\/\/api.w.org\/{rel}","templated":true}]}}