{"id":34862,"date":"2023-03-14T15:55:23","date_gmt":"2023-03-14T18:55:23","guid":{"rendered":"https:\/\/www.uninter.com\/radio\/?p=34862"},"modified":"2023-03-14T15:55:24","modified_gmt":"2023-03-14T18:55:24","slug":"conversa-com-o-reitor-uninter-une-estudantes-do-brasil-e-do-canada-em-experiencia-de-campo","status":"publish","type":"post","link":"https:\/\/www.uninter.com\/radio\/conversa-com-o-reitor-uninter-une-estudantes-do-brasil-e-do-canada-em-experiencia-de-campo","title":{"rendered":"Conversa com o Reitor | Uninter une estudantes do Brasil e do Canad\u00e1 em experi\u00eancia de campo"},"content":{"rendered":"\n<figure class=\"wp-block-audio\"><audio controls src=\"https:\/\/www.uninter.com\/radio\/wp-content\/uploads\/2023\/03\/conversa-com-o-reitor-03-03-2023.mp3\"><\/audio><\/figure>\n\n\n\n<p>O Uninter Global Hub realizou o Collaborative Field Experience entre os dias 17 e 27 de fevereiro. O projeto reuniu 15 alunos canadenses da First Nations University e 15 estudantes da Uninter para visitas \u00e0s instala\u00e7\u00f5es t\u00e9cnicas do centro universit\u00e1rio e a pontos hist\u00f3ricos do Paran\u00e1. No Conversa com o Reitor, Benhur Gaio recebe o vice-presidente do Global Hub, Jason Dyett, a aluna de Jornalismo Alanna Della Possa e o coordenador do curso de Jornalismo, Guilherme Carvalho, para o bate-papo.<\/p>\n","protected":false},"excerpt":{"rendered":"<p>O Uninter Global Hub realizou o Collaborative Field Experience entre os dias 17 e 27&#8230;<\/p>\n","protected":false},"author":3,"featured_media":31088,"comment_status":"open","ping_status":"open","sticky":false,"template":"","format":"standard","meta":[],"categories":[2724],"tags":[],"_links":{"self":[{"href":"https:\/\/www.uninter.com\/radio\/wp-json\/wp\/v2\/posts\/34862"}],"collection":[{"href":"https:\/\/www.uninter.com\/radio\/wp-json\/wp\/v2\/posts"}],"about":[{"href":"https:\/\/www.uninter.com\/radio\/wp-json\/wp\/v2\/types\/post"}],"author":[{"embeddable":true,"href":"https:\/\/www.uninter.com\/radio\/wp-json\/wp\/v2\/users\/3"}],"replies":[{"embeddable":true,"href":"https:\/\/www.uninter.com\/radio\/wp-json\/wp\/v2\/comments?post=34862"}],"version-history":[{"count":1,"href":"https:\/\/www.uninter.com\/radio\/wp-json\/wp\/v2\/posts\/34862\/revisions"}],"predecessor-version":[{"id":34864,"href":"https:\/\/www.uninter.com\/radio\/wp-json\/wp\/v2\/posts\/34862\/revisions\/34864"}],"wp:featuredmedia":[{"embeddable":true,"href":"https:\/\/www.uninter.com\/radio\/wp-json\/wp\/v2\/media\/31088"}],"wp:attachment":[{"href":"https:\/\/www.uninter.com\/radio\/wp-json\/wp\/v2\/media?parent=34862"}],"wp:term":[{"taxonomy":"category","embeddable":true,"href":"https:\/\/www.uninter.com\/radio\/wp-json\/wp\/v2\/categories?post=34862"},{"taxonomy":"post_tag","embeddable":true,"href":"https:\/\/www.uninter.com\/radio\/wp-json\/wp\/v2\/tags?post=34862"}],"curies":[{"name":"wp","href":"https:\/\/api.w.org\/{rel}","templated":true}]}}