{"id":34856,"date":"2023-03-14T15:48:05","date_gmt":"2023-03-14T18:48:05","guid":{"rendered":"https:\/\/www.uninter.com\/radio\/?p=34856"},"modified":"2023-03-14T15:48:06","modified_gmt":"2023-03-14T18:48:06","slug":"chave-interdisciplinar-o-feminino-na-educacao","status":"publish","type":"post","link":"https:\/\/www.uninter.com\/radio\/chave-interdisciplinar-o-feminino-na-educacao","title":{"rendered":"Chave Interdisciplinar | O feminino na educa\u00e7\u00e3o"},"content":{"rendered":"\n<figure class=\"wp-block-audio\"><audio controls src=\"https:\/\/www.uninter.com\/radio\/wp-content\/uploads\/2023\/03\/chave-02-03-2023.mp3\"><\/audio><\/figure>\n\n\n\n<p>Na primeira edi\u00e7\u00e3o de 2023 do programa Chave Interdisciplinar debateremos sobre o papel da mulher em diferentes \u00e2mbitos da educa\u00e7\u00e3o. E como \u00e9 essencial para a forma\u00e7\u00e3o de profissionais quebrar paradigmas e desmitificar preconceitos numa busca constante de condi\u00e7\u00f5es mais dignas e igualit\u00e1rias na sociedade. Para a conversa recebemos as professoras Jucimara Bandeira, Val\u00e9ria Pil\u00e3o e Maria Em\u00edlia Rodrigues.<\/p>\n","protected":false},"excerpt":{"rendered":"<p>Na primeira edi\u00e7\u00e3o de 2023 do programa Chave Interdisciplinar debateremos sobre o papel da mulher&#8230;<\/p>\n","protected":false},"author":3,"featured_media":33668,"comment_status":"open","ping_status":"open","sticky":false,"template":"","format":"standard","meta":[],"categories":[2735],"tags":[],"_links":{"self":[{"href":"https:\/\/www.uninter.com\/radio\/wp-json\/wp\/v2\/posts\/34856"}],"collection":[{"href":"https:\/\/www.uninter.com\/radio\/wp-json\/wp\/v2\/posts"}],"about":[{"href":"https:\/\/www.uninter.com\/radio\/wp-json\/wp\/v2\/types\/post"}],"author":[{"embeddable":true,"href":"https:\/\/www.uninter.com\/radio\/wp-json\/wp\/v2\/users\/3"}],"replies":[{"embeddable":true,"href":"https:\/\/www.uninter.com\/radio\/wp-json\/wp\/v2\/comments?post=34856"}],"version-history":[{"count":1,"href":"https:\/\/www.uninter.com\/radio\/wp-json\/wp\/v2\/posts\/34856\/revisions"}],"predecessor-version":[{"id":34858,"href":"https:\/\/www.uninter.com\/radio\/wp-json\/wp\/v2\/posts\/34856\/revisions\/34858"}],"wp:featuredmedia":[{"embeddable":true,"href":"https:\/\/www.uninter.com\/radio\/wp-json\/wp\/v2\/media\/33668"}],"wp:attachment":[{"href":"https:\/\/www.uninter.com\/radio\/wp-json\/wp\/v2\/media?parent=34856"}],"wp:term":[{"taxonomy":"category","embeddable":true,"href":"https:\/\/www.uninter.com\/radio\/wp-json\/wp\/v2\/categories?post=34856"},{"taxonomy":"post_tag","embeddable":true,"href":"https:\/\/www.uninter.com\/radio\/wp-json\/wp\/v2\/tags?post=34856"}],"curies":[{"name":"wp","href":"https:\/\/api.w.org\/{rel}","templated":true}]}}