{"id":34835,"date":"2023-03-14T15:01:46","date_gmt":"2023-03-14T18:01:46","guid":{"rendered":"https:\/\/www.uninter.com\/radio\/?p=34835"},"modified":"2023-03-14T15:01:47","modified_gmt":"2023-03-14T18:01:47","slug":"saude-em-foco-modalidades-de-diagnostico-por-imagem","status":"publish","type":"post","link":"https:\/\/www.uninter.com\/radio\/saude-em-foco-modalidades-de-diagnostico-por-imagem","title":{"rendered":"Sa\u00fade em Foco | Modalidades de diagn\u00f3stico por imagem"},"content":{"rendered":"\n<figure class=\"wp-block-audio\"><audio controls src=\"https:\/\/www.uninter.com\/radio\/wp-content\/uploads\/2023\/03\/saude-em-foco-28-02-2023.mp3\"><\/audio><\/figure>\n\n\n\n<p>Muito utilizado na medicina atualmente, o diagn\u00f3stico por imagem permite avaliar as condi\u00e7\u00f5es de \u00f3rg\u00e3os e estruturas internas do paciente. <\/p>\n\n\n\n<p>Vamos falar sobre o assunto nesta edi\u00e7\u00e3o do Sa\u00fade em Foco, e para a conversa, Barbara Carvalho recebe Evelyn Rosa de Oliveira (tutora do curso de radiologia) e Larissa de Paula (tutora do curso de biomedicina). Acompanhe.<\/p>\n","protected":false},"excerpt":{"rendered":"<p>Muito utilizado na medicina atualmente, o diagn\u00f3stico por imagem permite avaliar as condi\u00e7\u00f5es de \u00f3rg\u00e3os&#8230;<\/p>\n","protected":false},"author":3,"featured_media":33678,"comment_status":"open","ping_status":"open","sticky":false,"template":"","format":"standard","meta":[],"categories":[2790],"tags":[],"_links":{"self":[{"href":"https:\/\/www.uninter.com\/radio\/wp-json\/wp\/v2\/posts\/34835"}],"collection":[{"href":"https:\/\/www.uninter.com\/radio\/wp-json\/wp\/v2\/posts"}],"about":[{"href":"https:\/\/www.uninter.com\/radio\/wp-json\/wp\/v2\/types\/post"}],"author":[{"embeddable":true,"href":"https:\/\/www.uninter.com\/radio\/wp-json\/wp\/v2\/users\/3"}],"replies":[{"embeddable":true,"href":"https:\/\/www.uninter.com\/radio\/wp-json\/wp\/v2\/comments?post=34835"}],"version-history":[{"count":1,"href":"https:\/\/www.uninter.com\/radio\/wp-json\/wp\/v2\/posts\/34835\/revisions"}],"predecessor-version":[{"id":34837,"href":"https:\/\/www.uninter.com\/radio\/wp-json\/wp\/v2\/posts\/34835\/revisions\/34837"}],"wp:featuredmedia":[{"embeddable":true,"href":"https:\/\/www.uninter.com\/radio\/wp-json\/wp\/v2\/media\/33678"}],"wp:attachment":[{"href":"https:\/\/www.uninter.com\/radio\/wp-json\/wp\/v2\/media?parent=34835"}],"wp:term":[{"taxonomy":"category","embeddable":true,"href":"https:\/\/www.uninter.com\/radio\/wp-json\/wp\/v2\/categories?post=34835"},{"taxonomy":"post_tag","embeddable":true,"href":"https:\/\/www.uninter.com\/radio\/wp-json\/wp\/v2\/tags?post=34835"}],"curies":[{"name":"wp","href":"https:\/\/api.w.org\/{rel}","templated":true}]}}