{"id":34832,"date":"2023-03-14T14:58:47","date_gmt":"2023-03-14T17:58:47","guid":{"rendered":"https:\/\/www.uninter.com\/radio\/?p=34832"},"modified":"2023-03-14T14:58:48","modified_gmt":"2023-03-14T17:58:48","slug":"segredos-da-arquitetura-e-do-design-54-tendencias-2023-para-arquitetura-e-design-de-interiores","status":"publish","type":"post","link":"https:\/\/www.uninter.com\/radio\/segredos-da-arquitetura-e-do-design-54-tendencias-2023-para-arquitetura-e-design-de-interiores","title":{"rendered":"Segredos da Arquitetura e do Design #54 | Tend\u00eancias 2023 para arquitetura e design de interiores"},"content":{"rendered":"\n<figure class=\"wp-block-audio\"><audio controls src=\"https:\/\/www.uninter.com\/radio\/wp-content\/uploads\/2023\/03\/segredos-da-arquitetura-27-02-2023.mp3\"><\/audio><\/figure>\n\n\n\n<p>Na edi\u00e7\u00e3o de fevereiro do Segredos da Arquitetura e Design, Giselle Luzia Dziura receber\u00e1 as convidadas Daniela Barranco, Arquiteta com MBA em Projetos para Ambientes de Trabalho, e Gabriela Curi Antoniuk, Arquiteta, Diretora da Quadra Viva Arquitetura, para falar sobre as tend\u00eancias 2023 para arquitetura e design de interiores.<\/p>\n","protected":false},"excerpt":{"rendered":"<p>Na edi\u00e7\u00e3o de fevereiro do Segredos da Arquitetura e Design, Giselle Luzia Dziura receber\u00e1 as&#8230;<\/p>\n","protected":false},"author":3,"featured_media":35326,"comment_status":"open","ping_status":"open","sticky":false,"template":"","format":"standard","meta":[],"categories":[2709],"tags":[],"_links":{"self":[{"href":"https:\/\/www.uninter.com\/radio\/wp-json\/wp\/v2\/posts\/34832"}],"collection":[{"href":"https:\/\/www.uninter.com\/radio\/wp-json\/wp\/v2\/posts"}],"about":[{"href":"https:\/\/www.uninter.com\/radio\/wp-json\/wp\/v2\/types\/post"}],"author":[{"embeddable":true,"href":"https:\/\/www.uninter.com\/radio\/wp-json\/wp\/v2\/users\/3"}],"replies":[{"embeddable":true,"href":"https:\/\/www.uninter.com\/radio\/wp-json\/wp\/v2\/comments?post=34832"}],"version-history":[{"count":1,"href":"https:\/\/www.uninter.com\/radio\/wp-json\/wp\/v2\/posts\/34832\/revisions"}],"predecessor-version":[{"id":34834,"href":"https:\/\/www.uninter.com\/radio\/wp-json\/wp\/v2\/posts\/34832\/revisions\/34834"}],"wp:featuredmedia":[{"embeddable":true,"href":"https:\/\/www.uninter.com\/radio\/wp-json\/wp\/v2\/media\/35326"}],"wp:attachment":[{"href":"https:\/\/www.uninter.com\/radio\/wp-json\/wp\/v2\/media?parent=34832"}],"wp:term":[{"taxonomy":"category","embeddable":true,"href":"https:\/\/www.uninter.com\/radio\/wp-json\/wp\/v2\/categories?post=34832"},{"taxonomy":"post_tag","embeddable":true,"href":"https:\/\/www.uninter.com\/radio\/wp-json\/wp\/v2\/tags?post=34832"}],"curies":[{"name":"wp","href":"https:\/\/api.w.org\/{rel}","templated":true}]}}