{"id":34819,"date":"2023-03-13T14:01:50","date_gmt":"2023-03-13T17:01:50","guid":{"rendered":"https:\/\/www.uninter.com\/radio\/?p=34819"},"modified":"2023-03-13T14:01:51","modified_gmt":"2023-03-13T17:01:51","slug":"conversa-com-o-reitor-impactos-do-chatgpt-na-educacao-e-no-mercado-de-trabalho","status":"publish","type":"post","link":"https:\/\/www.uninter.com\/radio\/conversa-com-o-reitor-impactos-do-chatgpt-na-educacao-e-no-mercado-de-trabalho","title":{"rendered":"Conversa com o Reitor | Impactos do ChatGPT na educa\u00e7\u00e3o e no mercado de trabalho"},"content":{"rendered":"\n<figure class=\"wp-block-audio\"><audio controls src=\"https:\/\/www.uninter.com\/radio\/wp-content\/uploads\/2023\/03\/conversa-com-o-reitor-24-02-2023.mp3\"><\/audio><\/figure>\n\n\n\n<p>O ChatGPT \u00e9 uma intelig\u00eancia artificial especializada em di\u00e1logo, e nas \u00faltimas semanas, este chatbot causou muito debate quanto a sua capacidade na \u00e1rea acad\u00eamica e tamb\u00e9m no mercado de trabalho. <\/p>\n\n\n\n<p>O Conversa com o Reitor discuti os impactos do ChatGPT e para isso, Benhur Gaio recebe o professor e Mestre em Tecnologias, Armando Kolbe Junior, e o coordenador do programa de Mestrado e Doutorado em Educa\u00e7\u00e3o e Novas Tecnologias da Uninter, Luciano Frontino de Medeiros. Acompanhe.<\/p>\n","protected":false},"excerpt":{"rendered":"<p>O ChatGPT \u00e9 uma intelig\u00eancia artificial especializada em di\u00e1logo, e nas \u00faltimas semanas, este chatbot&#8230;<\/p>\n","protected":false},"author":3,"featured_media":31088,"comment_status":"open","ping_status":"open","sticky":false,"template":"","format":"standard","meta":[],"categories":[2724],"tags":[],"_links":{"self":[{"href":"https:\/\/www.uninter.com\/radio\/wp-json\/wp\/v2\/posts\/34819"}],"collection":[{"href":"https:\/\/www.uninter.com\/radio\/wp-json\/wp\/v2\/posts"}],"about":[{"href":"https:\/\/www.uninter.com\/radio\/wp-json\/wp\/v2\/types\/post"}],"author":[{"embeddable":true,"href":"https:\/\/www.uninter.com\/radio\/wp-json\/wp\/v2\/users\/3"}],"replies":[{"embeddable":true,"href":"https:\/\/www.uninter.com\/radio\/wp-json\/wp\/v2\/comments?post=34819"}],"version-history":[{"count":1,"href":"https:\/\/www.uninter.com\/radio\/wp-json\/wp\/v2\/posts\/34819\/revisions"}],"predecessor-version":[{"id":34821,"href":"https:\/\/www.uninter.com\/radio\/wp-json\/wp\/v2\/posts\/34819\/revisions\/34821"}],"wp:featuredmedia":[{"embeddable":true,"href":"https:\/\/www.uninter.com\/radio\/wp-json\/wp\/v2\/media\/31088"}],"wp:attachment":[{"href":"https:\/\/www.uninter.com\/radio\/wp-json\/wp\/v2\/media?parent=34819"}],"wp:term":[{"taxonomy":"category","embeddable":true,"href":"https:\/\/www.uninter.com\/radio\/wp-json\/wp\/v2\/categories?post=34819"},{"taxonomy":"post_tag","embeddable":true,"href":"https:\/\/www.uninter.com\/radio\/wp-json\/wp\/v2\/tags?post=34819"}],"curies":[{"name":"wp","href":"https:\/\/api.w.org\/{rel}","templated":true}]}}