{"id":34815,"date":"2023-03-13T13:58:13","date_gmt":"2023-03-13T16:58:13","guid":{"rendered":"https:\/\/www.uninter.com\/radio\/?p=34815"},"modified":"2023-03-13T13:58:14","modified_gmt":"2023-03-13T16:58:14","slug":"papo-egresso-marca-pessoal-e-educacao-continuada-para-a-empregabilidade","status":"publish","type":"post","link":"https:\/\/www.uninter.com\/radio\/papo-egresso-marca-pessoal-e-educacao-continuada-para-a-empregabilidade","title":{"rendered":"Papo Egresso | Marca pessoal e educa\u00e7\u00e3o continuada para a empregabilidade"},"content":{"rendered":"\n<figure class=\"wp-block-audio\"><audio controls src=\"https:\/\/www.uninter.com\/radio\/wp-content\/uploads\/2023\/03\/papo-agresso-23-02-2023.mp3\"><\/audio><\/figure>\n\n\n\n<p>Um diploma abre portas, mas o egresso que investe em uma p\u00f3s-gradua\u00e7\u00e3o conquista muito mais oportunidades no mercado de trabalho. Venha debater conosco e refletir sobre o seu futuro profissional na estreia do Papo Egresso. <\/p>\n\n\n\n<p>O gestor da Central de Carreiras da Uninter, Sidney Lara, recebe os professores Nelson Castanheira e Cl\u00f3vis Teixeira Filho para o bate-papo. Acompanhe.<\/p>\n","protected":false},"excerpt":{"rendered":"<p>Um diploma abre portas, mas o egresso que investe em uma p\u00f3s-gradua\u00e7\u00e3o conquista muito mais&#8230;<\/p>\n","protected":false},"author":3,"featured_media":34817,"comment_status":"open","ping_status":"open","sticky":false,"template":"","format":"standard","meta":[],"categories":[2845],"tags":[],"_links":{"self":[{"href":"https:\/\/www.uninter.com\/radio\/wp-json\/wp\/v2\/posts\/34815"}],"collection":[{"href":"https:\/\/www.uninter.com\/radio\/wp-json\/wp\/v2\/posts"}],"about":[{"href":"https:\/\/www.uninter.com\/radio\/wp-json\/wp\/v2\/types\/post"}],"author":[{"embeddable":true,"href":"https:\/\/www.uninter.com\/radio\/wp-json\/wp\/v2\/users\/3"}],"replies":[{"embeddable":true,"href":"https:\/\/www.uninter.com\/radio\/wp-json\/wp\/v2\/comments?post=34815"}],"version-history":[{"count":1,"href":"https:\/\/www.uninter.com\/radio\/wp-json\/wp\/v2\/posts\/34815\/revisions"}],"predecessor-version":[{"id":34818,"href":"https:\/\/www.uninter.com\/radio\/wp-json\/wp\/v2\/posts\/34815\/revisions\/34818"}],"wp:featuredmedia":[{"embeddable":true,"href":"https:\/\/www.uninter.com\/radio\/wp-json\/wp\/v2\/media\/34817"}],"wp:attachment":[{"href":"https:\/\/www.uninter.com\/radio\/wp-json\/wp\/v2\/media?parent=34815"}],"wp:term":[{"taxonomy":"category","embeddable":true,"href":"https:\/\/www.uninter.com\/radio\/wp-json\/wp\/v2\/categories?post=34815"},{"taxonomy":"post_tag","embeddable":true,"href":"https:\/\/www.uninter.com\/radio\/wp-json\/wp\/v2\/tags?post=34815"}],"curies":[{"name":"wp","href":"https:\/\/api.w.org\/{rel}","templated":true}]}}