{"id":34812,"date":"2023-03-13T13:53:16","date_gmt":"2023-03-13T16:53:16","guid":{"rendered":"https:\/\/www.uninter.com\/radio\/?p=34812"},"modified":"2023-03-13T13:53:17","modified_gmt":"2023-03-13T16:53:17","slug":"sua-carreira-processos-quimicos","status":"publish","type":"post","link":"https:\/\/www.uninter.com\/radio\/sua-carreira-processos-quimicos","title":{"rendered":"Sua Carreira | Processos Qu\u00edmicos"},"content":{"rendered":"\n<figure class=\"wp-block-audio\"><audio controls src=\"https:\/\/www.uninter.com\/radio\/wp-content\/uploads\/2023\/03\/sua-carreira-23-02-2023.mp3\"><\/audio><\/figure>\n\n\n\n<p>Entenda tudo sobre o curso e o mercado de trabalho da \u00e1rea de Processos Qu\u00edmicos nesta edi\u00e7\u00e3o do programa Sua Carreira. <\/p>\n\n\n\n<p>Evandro Tosin recebe a coordenadora do curso, Ana Carolina Abrantes, para falar sobre o assunto. Acompanhe.<\/p>\n","protected":false},"excerpt":{"rendered":"<p>Entenda tudo sobre o curso e o mercado de trabalho da \u00e1rea de Processos Qu\u00edmicos&#8230;<\/p>\n","protected":false},"author":3,"featured_media":33691,"comment_status":"open","ping_status":"open","sticky":false,"template":"","format":"standard","meta":[],"categories":[2711],"tags":[],"_links":{"self":[{"href":"https:\/\/www.uninter.com\/radio\/wp-json\/wp\/v2\/posts\/34812"}],"collection":[{"href":"https:\/\/www.uninter.com\/radio\/wp-json\/wp\/v2\/posts"}],"about":[{"href":"https:\/\/www.uninter.com\/radio\/wp-json\/wp\/v2\/types\/post"}],"author":[{"embeddable":true,"href":"https:\/\/www.uninter.com\/radio\/wp-json\/wp\/v2\/users\/3"}],"replies":[{"embeddable":true,"href":"https:\/\/www.uninter.com\/radio\/wp-json\/wp\/v2\/comments?post=34812"}],"version-history":[{"count":1,"href":"https:\/\/www.uninter.com\/radio\/wp-json\/wp\/v2\/posts\/34812\/revisions"}],"predecessor-version":[{"id":34814,"href":"https:\/\/www.uninter.com\/radio\/wp-json\/wp\/v2\/posts\/34812\/revisions\/34814"}],"wp:featuredmedia":[{"embeddable":true,"href":"https:\/\/www.uninter.com\/radio\/wp-json\/wp\/v2\/media\/33691"}],"wp:attachment":[{"href":"https:\/\/www.uninter.com\/radio\/wp-json\/wp\/v2\/media?parent=34812"}],"wp:term":[{"taxonomy":"category","embeddable":true,"href":"https:\/\/www.uninter.com\/radio\/wp-json\/wp\/v2\/categories?post=34812"},{"taxonomy":"post_tag","embeddable":true,"href":"https:\/\/www.uninter.com\/radio\/wp-json\/wp\/v2\/tags?post=34812"}],"curies":[{"name":"wp","href":"https:\/\/api.w.org\/{rel}","templated":true}]}}