{"id":34809,"date":"2023-03-13T13:48:10","date_gmt":"2023-03-13T16:48:10","guid":{"rendered":"https:\/\/www.uninter.com\/radio\/?p=34809"},"modified":"2023-03-13T13:48:54","modified_gmt":"2023-03-13T16:48:54","slug":"cafe-e-conhecimento-recuperacao-judicial-e-o-caso-americanas","status":"publish","type":"post","link":"https:\/\/www.uninter.com\/radio\/cafe-e-conhecimento-recuperacao-judicial-e-o-caso-americanas","title":{"rendered":"Caf\u00e9 e Conhecimento\u00a0| Recupera\u00e7\u00e3o judicial e o caso Americanas"},"content":{"rendered":"\n<figure class=\"wp-block-audio\"><audio controls src=\"https:\/\/www.uninter.com\/radio\/wp-content\/uploads\/2023\/03\/cafe-e-conhecimento-22-02-2023.mp3\"><\/audio><\/figure>\n\n\n\n<p>O caso Americanas tomou visualiza\u00e7\u00e3o nacional, e o Caf\u00e9 &amp; Conhecimento discute esse tema e fala sobre recupera\u00e7\u00e3o judicial. <\/p>\n\n\n\n<p>Para a conversa, Daniele Farinhas recebe o professor e Doutorando em Direitos Fundamentais e Democracia, Luiz Guieseler. Acompanhe.<\/p>\n","protected":false},"excerpt":{"rendered":"<p>O caso Americanas tomou visualiza\u00e7\u00e3o nacional, e o Caf\u00e9 &amp; Conhecimento discute esse tema e&#8230;<\/p>\n","protected":false},"author":3,"featured_media":33850,"comment_status":"open","ping_status":"open","sticky":false,"template":"","format":"standard","meta":[],"categories":[2839],"tags":[],"_links":{"self":[{"href":"https:\/\/www.uninter.com\/radio\/wp-json\/wp\/v2\/posts\/34809"}],"collection":[{"href":"https:\/\/www.uninter.com\/radio\/wp-json\/wp\/v2\/posts"}],"about":[{"href":"https:\/\/www.uninter.com\/radio\/wp-json\/wp\/v2\/types\/post"}],"author":[{"embeddable":true,"href":"https:\/\/www.uninter.com\/radio\/wp-json\/wp\/v2\/users\/3"}],"replies":[{"embeddable":true,"href":"https:\/\/www.uninter.com\/radio\/wp-json\/wp\/v2\/comments?post=34809"}],"version-history":[{"count":1,"href":"https:\/\/www.uninter.com\/radio\/wp-json\/wp\/v2\/posts\/34809\/revisions"}],"predecessor-version":[{"id":34811,"href":"https:\/\/www.uninter.com\/radio\/wp-json\/wp\/v2\/posts\/34809\/revisions\/34811"}],"wp:featuredmedia":[{"embeddable":true,"href":"https:\/\/www.uninter.com\/radio\/wp-json\/wp\/v2\/media\/33850"}],"wp:attachment":[{"href":"https:\/\/www.uninter.com\/radio\/wp-json\/wp\/v2\/media?parent=34809"}],"wp:term":[{"taxonomy":"category","embeddable":true,"href":"https:\/\/www.uninter.com\/radio\/wp-json\/wp\/v2\/categories?post=34809"},{"taxonomy":"post_tag","embeddable":true,"href":"https:\/\/www.uninter.com\/radio\/wp-json\/wp\/v2\/tags?post=34809"}],"curies":[{"name":"wp","href":"https:\/\/api.w.org\/{rel}","templated":true}]}}