{"id":34798,"date":"2023-02-23T15:08:41","date_gmt":"2023-02-23T18:08:41","guid":{"rendered":"https:\/\/www.uninter.com\/radio\/?p=34798"},"modified":"2023-02-23T15:08:42","modified_gmt":"2023-02-23T18:08:42","slug":"diversos-da-pos-impactos-pos-pandemia-nos-cursos-de-pos-graduacao","status":"publish","type":"post","link":"https:\/\/www.uninter.com\/radio\/diversos-da-pos-impactos-pos-pandemia-nos-cursos-de-pos-graduacao","title":{"rendered":"Diversos da P\u00f3s | Impactos p\u00f3s-pandemia nos cursos de p\u00f3s-gradua\u00e7\u00e3o"},"content":{"rendered":"\n<figure class=\"wp-block-audio\"><audio controls src=\"https:\/\/www.uninter.com\/radio\/wp-content\/uploads\/2023\/02\/diversos-da-pos-16-02-2023.mp3\"><\/audio><\/figure>\n\n\n\n<p>A pandemia impactou muitas \u00e1reas do conhecimento. A educa\u00e7\u00e3o como um todo teve que se adequar ao momento e adotou tend\u00eancias tecnol\u00f3gicas e pedag\u00f3gicas que hoje s\u00e3o realidade. <\/p>\n\n\n\n<p>A primeira edi\u00e7\u00e3o do Diversos da P\u00f3s deste ano discute os efeitos do p\u00f3s-pandemia nos cursos de p\u00f3s-gradua\u00e7\u00e3o. A professora Edna Chimenes recebe o doutor em Educa\u00e7\u00e3o Ricardo Antunes de S\u00e1, para o bate-papo.<\/p>\n","protected":false},"excerpt":{"rendered":"<p>A pandemia impactou muitas \u00e1reas do conhecimento. A educa\u00e7\u00e3o como um todo teve que se&#8230;<\/p>\n","protected":false},"author":3,"featured_media":34178,"comment_status":"open","ping_status":"open","sticky":false,"template":"","format":"standard","meta":[],"categories":[2704],"tags":[],"_links":{"self":[{"href":"https:\/\/www.uninter.com\/radio\/wp-json\/wp\/v2\/posts\/34798"}],"collection":[{"href":"https:\/\/www.uninter.com\/radio\/wp-json\/wp\/v2\/posts"}],"about":[{"href":"https:\/\/www.uninter.com\/radio\/wp-json\/wp\/v2\/types\/post"}],"author":[{"embeddable":true,"href":"https:\/\/www.uninter.com\/radio\/wp-json\/wp\/v2\/users\/3"}],"replies":[{"embeddable":true,"href":"https:\/\/www.uninter.com\/radio\/wp-json\/wp\/v2\/comments?post=34798"}],"version-history":[{"count":1,"href":"https:\/\/www.uninter.com\/radio\/wp-json\/wp\/v2\/posts\/34798\/revisions"}],"predecessor-version":[{"id":34800,"href":"https:\/\/www.uninter.com\/radio\/wp-json\/wp\/v2\/posts\/34798\/revisions\/34800"}],"wp:featuredmedia":[{"embeddable":true,"href":"https:\/\/www.uninter.com\/radio\/wp-json\/wp\/v2\/media\/34178"}],"wp:attachment":[{"href":"https:\/\/www.uninter.com\/radio\/wp-json\/wp\/v2\/media?parent=34798"}],"wp:term":[{"taxonomy":"category","embeddable":true,"href":"https:\/\/www.uninter.com\/radio\/wp-json\/wp\/v2\/categories?post=34798"},{"taxonomy":"post_tag","embeddable":true,"href":"https:\/\/www.uninter.com\/radio\/wp-json\/wp\/v2\/tags?post=34798"}],"curies":[{"name":"wp","href":"https:\/\/api.w.org\/{rel}","templated":true}]}}