{"id":34791,"date":"2023-02-23T14:58:18","date_gmt":"2023-02-23T17:58:18","guid":{"rendered":"https:\/\/www.uninter.com\/radio\/?p=34791"},"modified":"2023-02-23T14:58:19","modified_gmt":"2023-02-23T17:58:19","slug":"unicast-estreia","status":"publish","type":"post","link":"https:\/\/www.uninter.com\/radio\/unicast-estreia","title":{"rendered":"Unicast | Estreia!"},"content":{"rendered":"\n<figure class=\"wp-block-audio\"><audio controls src=\"https:\/\/www.uninter.com\/radio\/wp-content\/uploads\/2023\/02\/unicast-15-02-2023.mp3\"><\/audio><\/figure>\n\n\n\n<p>Mais uma estreia na R\u00e1dio Uninter! O Unicast \u00e9 seu encontro quinzenal com os professores da Escola Superior de Sa\u00fade \u00danica debatendo temas pertinentes da \u00e1rea e com convidados especiais. Alisson David da Silva e Vinicius Bednarczuk recebem o diretor da ESSU, Cristiano Cavei\u00e3o, para o primeiro epis\u00f3dio.<\/p>\n","protected":false},"excerpt":{"rendered":"<p>Mais uma estreia na R\u00e1dio Uninter! O Unicast \u00e9 seu encontro quinzenal com os professores&#8230;<\/p>\n","protected":false},"author":3,"featured_media":34793,"comment_status":"open","ping_status":"open","sticky":false,"template":"","format":"standard","meta":[],"categories":[2844],"tags":[],"_links":{"self":[{"href":"https:\/\/www.uninter.com\/radio\/wp-json\/wp\/v2\/posts\/34791"}],"collection":[{"href":"https:\/\/www.uninter.com\/radio\/wp-json\/wp\/v2\/posts"}],"about":[{"href":"https:\/\/www.uninter.com\/radio\/wp-json\/wp\/v2\/types\/post"}],"author":[{"embeddable":true,"href":"https:\/\/www.uninter.com\/radio\/wp-json\/wp\/v2\/users\/3"}],"replies":[{"embeddable":true,"href":"https:\/\/www.uninter.com\/radio\/wp-json\/wp\/v2\/comments?post=34791"}],"version-history":[{"count":1,"href":"https:\/\/www.uninter.com\/radio\/wp-json\/wp\/v2\/posts\/34791\/revisions"}],"predecessor-version":[{"id":34794,"href":"https:\/\/www.uninter.com\/radio\/wp-json\/wp\/v2\/posts\/34791\/revisions\/34794"}],"wp:featuredmedia":[{"embeddable":true,"href":"https:\/\/www.uninter.com\/radio\/wp-json\/wp\/v2\/media\/34793"}],"wp:attachment":[{"href":"https:\/\/www.uninter.com\/radio\/wp-json\/wp\/v2\/media?parent=34791"}],"wp:term":[{"taxonomy":"category","embeddable":true,"href":"https:\/\/www.uninter.com\/radio\/wp-json\/wp\/v2\/categories?post=34791"},{"taxonomy":"post_tag","embeddable":true,"href":"https:\/\/www.uninter.com\/radio\/wp-json\/wp\/v2\/tags?post=34791"}],"curies":[{"name":"wp","href":"https:\/\/api.w.org\/{rel}","templated":true}]}}