{"id":34769,"date":"2023-02-23T14:23:38","date_gmt":"2023-02-23T17:23:38","guid":{"rendered":"https:\/\/www.uninter.com\/radio\/?p=34769"},"modified":"2023-02-23T14:23:39","modified_gmt":"2023-02-23T17:23:39","slug":"saude-em-foco-festividades-de-carnaval-bloco-dos-idosos","status":"publish","type":"post","link":"https:\/\/www.uninter.com\/radio\/saude-em-foco-festividades-de-carnaval-bloco-dos-idosos","title":{"rendered":"Sa\u00fade em Foco | Festividades de carnaval: bloco dos idosos"},"content":{"rendered":"\n<figure class=\"wp-block-audio\"><audio controls src=\"https:\/\/www.uninter.com\/radio\/wp-content\/uploads\/2023\/02\/saude-em-foco-14-02-2023.mp3\"><\/audio><\/figure>\n\n\n\n<p>O Carnaval \u00e9 uma das \u00e9pocas preferidas dos brasileiros. Muita festa, curti\u00e7\u00e3o e ritmo, mas que precisam ter modera\u00e7\u00e3o e cautela, especialmente para a popula\u00e7\u00e3o idosa. <\/p>\n\n\n\n<p>O Sa\u00fade em Foco aborda os cuidados com a terceira idade durante as festividades e como aproveitar a \u00e9poca da forma mais segura poss\u00edvel, sem abrir m\u00e3o do conforto. Barbara Carvalho recebe as professoras Maria Caroline Waldrigues e Patricia Candiotto para a conversa.<\/p>\n","protected":false},"excerpt":{"rendered":"<p>O Carnaval \u00e9 uma das \u00e9pocas preferidas dos brasileiros. Muita festa, curti\u00e7\u00e3o e ritmo, mas&#8230;<\/p>\n","protected":false},"author":3,"featured_media":33678,"comment_status":"open","ping_status":"open","sticky":false,"template":"","format":"standard","meta":[],"categories":[2790],"tags":[],"_links":{"self":[{"href":"https:\/\/www.uninter.com\/radio\/wp-json\/wp\/v2\/posts\/34769"}],"collection":[{"href":"https:\/\/www.uninter.com\/radio\/wp-json\/wp\/v2\/posts"}],"about":[{"href":"https:\/\/www.uninter.com\/radio\/wp-json\/wp\/v2\/types\/post"}],"author":[{"embeddable":true,"href":"https:\/\/www.uninter.com\/radio\/wp-json\/wp\/v2\/users\/3"}],"replies":[{"embeddable":true,"href":"https:\/\/www.uninter.com\/radio\/wp-json\/wp\/v2\/comments?post=34769"}],"version-history":[{"count":1,"href":"https:\/\/www.uninter.com\/radio\/wp-json\/wp\/v2\/posts\/34769\/revisions"}],"predecessor-version":[{"id":34771,"href":"https:\/\/www.uninter.com\/radio\/wp-json\/wp\/v2\/posts\/34769\/revisions\/34771"}],"wp:featuredmedia":[{"embeddable":true,"href":"https:\/\/www.uninter.com\/radio\/wp-json\/wp\/v2\/media\/33678"}],"wp:attachment":[{"href":"https:\/\/www.uninter.com\/radio\/wp-json\/wp\/v2\/media?parent=34769"}],"wp:term":[{"taxonomy":"category","embeddable":true,"href":"https:\/\/www.uninter.com\/radio\/wp-json\/wp\/v2\/categories?post=34769"},{"taxonomy":"post_tag","embeddable":true,"href":"https:\/\/www.uninter.com\/radio\/wp-json\/wp\/v2\/tags?post=34769"}],"curies":[{"name":"wp","href":"https:\/\/api.w.org\/{rel}","templated":true}]}}