{"id":34759,"date":"2023-02-15T12:07:56","date_gmt":"2023-02-15T15:07:56","guid":{"rendered":"https:\/\/www.uninter.com\/radio\/?p=34759"},"modified":"2023-02-15T12:07:58","modified_gmt":"2023-02-15T15:07:58","slug":"conversa-com-o-reitor-ead-acelera-supera-presencial-e-redefine-ensino-superior","status":"publish","type":"post","link":"https:\/\/www.uninter.com\/radio\/conversa-com-o-reitor-ead-acelera-supera-presencial-e-redefine-ensino-superior","title":{"rendered":"Conversa com o Reitor | EAD acelera, supera presencial e redefine ensino superior"},"content":{"rendered":"\n<figure class=\"wp-block-audio\"><audio controls src=\"https:\/\/www.uninter.com\/radio\/wp-content\/uploads\/2023\/02\/conversa-com-o-reitor.mp3\"><\/audio><\/figure>\n\n\n\n<p>A educa\u00e7\u00e3o a dist\u00e2ncia (EAD) conquistou importantes marcas nos \u00faltimos anos. Em 2020, a modalidade superou pela primeira vez a educa\u00e7\u00e3o presencial em n\u00famero de matr\u00edculas no ensino superior. <\/p>\n\n\n\n<p>Refer\u00eancia em EAD, a Uninter somou altos n\u00fameros de qualidade e alunos \u00e0 conquista. O Conversa com o Reitor desta semana aborda o panorama atual do ensino superior brasileiro e a for\u00e7a da EAD nesse cen\u00e1rio. <\/p>\n\n\n\n<p>Benhur Gaio recebe o s\u00f3cio consultor da Hoper Educa\u00e7\u00e3o Jo\u00e3o Vianney e a gestora da Escola de Polos da Uninter, Francieli Castro.<\/p>\n","protected":false},"excerpt":{"rendered":"<p>A educa\u00e7\u00e3o a dist\u00e2ncia (EAD) conquistou importantes marcas nos \u00faltimos anos. Em 2020, a modalidade&#8230;<\/p>\n","protected":false},"author":3,"featured_media":31088,"comment_status":"open","ping_status":"open","sticky":false,"template":"","format":"standard","meta":[],"categories":[2724],"tags":[],"_links":{"self":[{"href":"https:\/\/www.uninter.com\/radio\/wp-json\/wp\/v2\/posts\/34759"}],"collection":[{"href":"https:\/\/www.uninter.com\/radio\/wp-json\/wp\/v2\/posts"}],"about":[{"href":"https:\/\/www.uninter.com\/radio\/wp-json\/wp\/v2\/types\/post"}],"author":[{"embeddable":true,"href":"https:\/\/www.uninter.com\/radio\/wp-json\/wp\/v2\/users\/3"}],"replies":[{"embeddable":true,"href":"https:\/\/www.uninter.com\/radio\/wp-json\/wp\/v2\/comments?post=34759"}],"version-history":[{"count":1,"href":"https:\/\/www.uninter.com\/radio\/wp-json\/wp\/v2\/posts\/34759\/revisions"}],"predecessor-version":[{"id":34761,"href":"https:\/\/www.uninter.com\/radio\/wp-json\/wp\/v2\/posts\/34759\/revisions\/34761"}],"wp:featuredmedia":[{"embeddable":true,"href":"https:\/\/www.uninter.com\/radio\/wp-json\/wp\/v2\/media\/31088"}],"wp:attachment":[{"href":"https:\/\/www.uninter.com\/radio\/wp-json\/wp\/v2\/media?parent=34759"}],"wp:term":[{"taxonomy":"category","embeddable":true,"href":"https:\/\/www.uninter.com\/radio\/wp-json\/wp\/v2\/categories?post=34759"},{"taxonomy":"post_tag","embeddable":true,"href":"https:\/\/www.uninter.com\/radio\/wp-json\/wp\/v2\/tags?post=34759"}],"curies":[{"name":"wp","href":"https:\/\/api.w.org\/{rel}","templated":true}]}}