{"id":34750,"date":"2023-02-15T11:56:01","date_gmt":"2023-02-15T14:56:01","guid":{"rendered":"https:\/\/www.uninter.com\/radio\/?p=34750"},"modified":"2023-02-15T11:56:03","modified_gmt":"2023-02-15T14:56:03","slug":"cafe-e-conhecimento-aspectos-juridicos-do-divorcio","status":"publish","type":"post","link":"https:\/\/www.uninter.com\/radio\/cafe-e-conhecimento-aspectos-juridicos-do-divorcio","title":{"rendered":"Caf\u00e9 e Conhecimento\u00a0| Aspectos jur\u00eddicos do div\u00f3rcio"},"content":{"rendered":"\n<figure class=\"wp-block-audio\"><audio controls src=\"https:\/\/www.uninter.com\/radio\/wp-content\/uploads\/2023\/02\/cafe-e-conhecimento-08-02-2023.mp3\"><\/audio><\/figure>\n\n\n\n<p>Acompanhe a retomada do Caf\u00e9 e Conhecimento deste ano e saiba os principais aspectos jur\u00eddicos do div\u00f3rcio. <\/p>\n\n\n\n<p>A professora Daniele Farinhas recebe a advogada,, conciliadora e especialista em direito das fam\u00edlias Priscila Cury para o bate-papo.<\/p>\n","protected":false},"excerpt":{"rendered":"<p>Acompanhe a retomada do Caf\u00e9 e Conhecimento deste ano e saiba os principais aspectos jur\u00eddicos&#8230;<\/p>\n","protected":false},"author":3,"featured_media":33850,"comment_status":"open","ping_status":"open","sticky":false,"template":"","format":"standard","meta":[],"categories":[8],"tags":[],"_links":{"self":[{"href":"https:\/\/www.uninter.com\/radio\/wp-json\/wp\/v2\/posts\/34750"}],"collection":[{"href":"https:\/\/www.uninter.com\/radio\/wp-json\/wp\/v2\/posts"}],"about":[{"href":"https:\/\/www.uninter.com\/radio\/wp-json\/wp\/v2\/types\/post"}],"author":[{"embeddable":true,"href":"https:\/\/www.uninter.com\/radio\/wp-json\/wp\/v2\/users\/3"}],"replies":[{"embeddable":true,"href":"https:\/\/www.uninter.com\/radio\/wp-json\/wp\/v2\/comments?post=34750"}],"version-history":[{"count":1,"href":"https:\/\/www.uninter.com\/radio\/wp-json\/wp\/v2\/posts\/34750\/revisions"}],"predecessor-version":[{"id":34752,"href":"https:\/\/www.uninter.com\/radio\/wp-json\/wp\/v2\/posts\/34750\/revisions\/34752"}],"wp:featuredmedia":[{"embeddable":true,"href":"https:\/\/www.uninter.com\/radio\/wp-json\/wp\/v2\/media\/33850"}],"wp:attachment":[{"href":"https:\/\/www.uninter.com\/radio\/wp-json\/wp\/v2\/media?parent=34750"}],"wp:term":[{"taxonomy":"category","embeddable":true,"href":"https:\/\/www.uninter.com\/radio\/wp-json\/wp\/v2\/categories?post=34750"},{"taxonomy":"post_tag","embeddable":true,"href":"https:\/\/www.uninter.com\/radio\/wp-json\/wp\/v2\/tags?post=34750"}],"curies":[{"name":"wp","href":"https:\/\/api.w.org\/{rel}","templated":true}]}}