{"id":34747,"date":"2023-02-15T11:52:21","date_gmt":"2023-02-15T14:52:21","guid":{"rendered":"https:\/\/www.uninter.com\/radio\/?p=34747"},"modified":"2023-02-15T11:52:22","modified_gmt":"2023-02-15T14:52:22","slug":"atualidades-da-educacao-fake-news-e-educacao","status":"publish","type":"post","link":"https:\/\/www.uninter.com\/radio\/atualidades-da-educacao-fake-news-e-educacao","title":{"rendered":"Atualidades da Educa\u00e7\u00e3o | Fake news e educa\u00e7\u00e3o"},"content":{"rendered":"\n<figure class=\"wp-block-audio\"><audio controls src=\"https:\/\/www.uninter.com\/radio\/wp-content\/uploads\/2023\/02\/atualidades-da-educacao-08-02-2023.mp3\"><\/audio><\/figure>\n\n\n\n<p>As fake news afetam todos os setores da sociedade, inclusive na educa\u00e7\u00e3o, e na edi\u00e7\u00e3o da semana do Atualidades da Educa\u00e7\u00e3o, vamos debater este tema. <\/p>\n\n\n\n<p>Para a conversa recebemos os professores Alvino Moser e Luis Fernando Lopes.<\/p>\n","protected":false},"excerpt":{"rendered":"<p>As fake news afetam todos os setores da sociedade, inclusive na educa\u00e7\u00e3o, e na edi\u00e7\u00e3o&#8230;<\/p>\n","protected":false},"author":3,"featured_media":31135,"comment_status":"open","ping_status":"open","sticky":false,"template":"","format":"standard","meta":[],"categories":[2760],"tags":[],"_links":{"self":[{"href":"https:\/\/www.uninter.com\/radio\/wp-json\/wp\/v2\/posts\/34747"}],"collection":[{"href":"https:\/\/www.uninter.com\/radio\/wp-json\/wp\/v2\/posts"}],"about":[{"href":"https:\/\/www.uninter.com\/radio\/wp-json\/wp\/v2\/types\/post"}],"author":[{"embeddable":true,"href":"https:\/\/www.uninter.com\/radio\/wp-json\/wp\/v2\/users\/3"}],"replies":[{"embeddable":true,"href":"https:\/\/www.uninter.com\/radio\/wp-json\/wp\/v2\/comments?post=34747"}],"version-history":[{"count":1,"href":"https:\/\/www.uninter.com\/radio\/wp-json\/wp\/v2\/posts\/34747\/revisions"}],"predecessor-version":[{"id":34749,"href":"https:\/\/www.uninter.com\/radio\/wp-json\/wp\/v2\/posts\/34747\/revisions\/34749"}],"wp:featuredmedia":[{"embeddable":true,"href":"https:\/\/www.uninter.com\/radio\/wp-json\/wp\/v2\/media\/31135"}],"wp:attachment":[{"href":"https:\/\/www.uninter.com\/radio\/wp-json\/wp\/v2\/media?parent=34747"}],"wp:term":[{"taxonomy":"category","embeddable":true,"href":"https:\/\/www.uninter.com\/radio\/wp-json\/wp\/v2\/categories?post=34747"},{"taxonomy":"post_tag","embeddable":true,"href":"https:\/\/www.uninter.com\/radio\/wp-json\/wp\/v2\/tags?post=34747"}],"curies":[{"name":"wp","href":"https:\/\/api.w.org\/{rel}","templated":true}]}}