{"id":34744,"date":"2023-02-15T11:49:32","date_gmt":"2023-02-15T14:49:32","guid":{"rendered":"https:\/\/www.uninter.com\/radio\/?p=34744"},"modified":"2023-02-15T11:49:34","modified_gmt":"2023-02-15T14:49:34","slug":"caminho-para-a-saude-envelhecimento-saudavel-qualidade-de-vida-e-mudancas-de-habitos","status":"publish","type":"post","link":"https:\/\/www.uninter.com\/radio\/caminho-para-a-saude-envelhecimento-saudavel-qualidade-de-vida-e-mudancas-de-habitos","title":{"rendered":"Caminho para a Sa\u00fade | Envelhecimento saud\u00e1vel: qualidade de vida e mudan\u00e7as de h\u00e1bitos"},"content":{"rendered":"\n<figure class=\"wp-block-audio\"><audio controls src=\"https:\/\/www.uninter.com\/radio\/wp-content\/uploads\/2023\/02\/caminho-para-a-saude-08-02-2023.mp3\"><\/audio><\/figure>\n\n\n\n<p>O Caminho para a Sa\u00fade desta semana aborda os m\u00e9todos de envelhecimento saud\u00e1vel para uma qualidade de vida para a terceira idade. <\/p>\n\n\n\n<p>Evandro Tosin e Dirceu Krainski recebem o especialista em Fisiologia do Exerc\u00edcio Emilio Almeida para a conversa.<\/p>\n","protected":false},"excerpt":{"rendered":"<p>O Caminho para a Sa\u00fade desta semana aborda os m\u00e9todos de envelhecimento saud\u00e1vel para uma&#8230;<\/p>\n","protected":false},"author":3,"featured_media":33715,"comment_status":"open","ping_status":"open","sticky":false,"template":"","format":"standard","meta":[],"categories":[2770],"tags":[],"_links":{"self":[{"href":"https:\/\/www.uninter.com\/radio\/wp-json\/wp\/v2\/posts\/34744"}],"collection":[{"href":"https:\/\/www.uninter.com\/radio\/wp-json\/wp\/v2\/posts"}],"about":[{"href":"https:\/\/www.uninter.com\/radio\/wp-json\/wp\/v2\/types\/post"}],"author":[{"embeddable":true,"href":"https:\/\/www.uninter.com\/radio\/wp-json\/wp\/v2\/users\/3"}],"replies":[{"embeddable":true,"href":"https:\/\/www.uninter.com\/radio\/wp-json\/wp\/v2\/comments?post=34744"}],"version-history":[{"count":1,"href":"https:\/\/www.uninter.com\/radio\/wp-json\/wp\/v2\/posts\/34744\/revisions"}],"predecessor-version":[{"id":34746,"href":"https:\/\/www.uninter.com\/radio\/wp-json\/wp\/v2\/posts\/34744\/revisions\/34746"}],"wp:featuredmedia":[{"embeddable":true,"href":"https:\/\/www.uninter.com\/radio\/wp-json\/wp\/v2\/media\/33715"}],"wp:attachment":[{"href":"https:\/\/www.uninter.com\/radio\/wp-json\/wp\/v2\/media?parent=34744"}],"wp:term":[{"taxonomy":"category","embeddable":true,"href":"https:\/\/www.uninter.com\/radio\/wp-json\/wp\/v2\/categories?post=34744"},{"taxonomy":"post_tag","embeddable":true,"href":"https:\/\/www.uninter.com\/radio\/wp-json\/wp\/v2\/tags?post=34744"}],"curies":[{"name":"wp","href":"https:\/\/api.w.org\/{rel}","templated":true}]}}