{"id":34735,"date":"2023-02-15T11:40:18","date_gmt":"2023-02-15T14:40:18","guid":{"rendered":"https:\/\/www.uninter.com\/radio\/?p=34735"},"modified":"2023-02-15T11:40:19","modified_gmt":"2023-02-15T14:40:19","slug":"art-cultura-ritmo-e-aprendizado-com-a-orquestra-uninter","status":"publish","type":"post","link":"https:\/\/www.uninter.com\/radio\/art-cultura-ritmo-e-aprendizado-com-a-orquestra-uninter","title":{"rendered":"Art&#038; Cultura | Ritmo e aprendizado com a Orquestra Uninter"},"content":{"rendered":"\n<figure class=\"wp-block-audio\"><audio controls src=\"https:\/\/www.uninter.com\/radio\/wp-content\/uploads\/2023\/02\/arte-cultura-07-02-2023.mp3\"><\/audio><\/figure>\n\n\n\n<p>O retorno do Art&amp; Cultura em 2023 \u00e9 tamb\u00e9m a volta das inscri\u00e7\u00f5es para a Orquestra Uninter! <\/p>\n\n\n\n<p>Conhe\u00e7a a hist\u00f3ria do grupo e as perspectivas para este ano com a presen\u00e7a dos professores Willian Sales, Valentina Daldegan, Jorge Bernardi e Nelson Castanheira.<\/p>\n","protected":false},"excerpt":{"rendered":"<p>O retorno do Art&amp; Cultura em 2023 \u00e9 tamb\u00e9m a volta das inscri\u00e7\u00f5es para a&#8230;<\/p>\n","protected":false},"author":3,"featured_media":31653,"comment_status":"open","ping_status":"open","sticky":false,"template":"","format":"standard","meta":[],"categories":[2773],"tags":[],"_links":{"self":[{"href":"https:\/\/www.uninter.com\/radio\/wp-json\/wp\/v2\/posts\/34735"}],"collection":[{"href":"https:\/\/www.uninter.com\/radio\/wp-json\/wp\/v2\/posts"}],"about":[{"href":"https:\/\/www.uninter.com\/radio\/wp-json\/wp\/v2\/types\/post"}],"author":[{"embeddable":true,"href":"https:\/\/www.uninter.com\/radio\/wp-json\/wp\/v2\/users\/3"}],"replies":[{"embeddable":true,"href":"https:\/\/www.uninter.com\/radio\/wp-json\/wp\/v2\/comments?post=34735"}],"version-history":[{"count":1,"href":"https:\/\/www.uninter.com\/radio\/wp-json\/wp\/v2\/posts\/34735\/revisions"}],"predecessor-version":[{"id":34737,"href":"https:\/\/www.uninter.com\/radio\/wp-json\/wp\/v2\/posts\/34735\/revisions\/34737"}],"wp:featuredmedia":[{"embeddable":true,"href":"https:\/\/www.uninter.com\/radio\/wp-json\/wp\/v2\/media\/31653"}],"wp:attachment":[{"href":"https:\/\/www.uninter.com\/radio\/wp-json\/wp\/v2\/media?parent=34735"}],"wp:term":[{"taxonomy":"category","embeddable":true,"href":"https:\/\/www.uninter.com\/radio\/wp-json\/wp\/v2\/categories?post=34735"},{"taxonomy":"post_tag","embeddable":true,"href":"https:\/\/www.uninter.com\/radio\/wp-json\/wp\/v2\/tags?post=34735"}],"curies":[{"name":"wp","href":"https:\/\/api.w.org\/{rel}","templated":true}]}}