{"id":34732,"date":"2023-02-15T11:36:15","date_gmt":"2023-02-15T14:36:15","guid":{"rendered":"https:\/\/www.uninter.com\/radio\/?p=34732"},"modified":"2023-02-15T11:36:17","modified_gmt":"2023-02-15T14:36:17","slug":"saude-em-foco-os-beneficios-fisicos-e-psicologicos-da-massagem","status":"publish","type":"post","link":"https:\/\/www.uninter.com\/radio\/saude-em-foco-os-beneficios-fisicos-e-psicologicos-da-massagem","title":{"rendered":"Sa\u00fade em Foco | Os benef\u00edcios f\u00edsicos e psicol\u00f3gicos da massagem"},"content":{"rendered":"\n<figure class=\"wp-block-audio\"><audio controls src=\"https:\/\/www.uninter.com\/radio\/wp-content\/uploads\/2023\/02\/saude-em-foco-07-02-2023.mp3\"><\/audio><\/figure>\n\n\n\n<p>Come\u00e7amos a temporada 2023 do programa Sa\u00fade em Foco com um tema que agrada boa parte das pessoas, vamos falar sobre os benef\u00edcios f\u00edsicos e psicol\u00f3gicos da massagem. <\/p>\n\n\n\n<p>Para o bate-papo, a apresentadora Barbara Carvalho recebe os professores Maria de F\u00e1tima Fernandes Vara e Elgison da Luz dos Santos.<\/p>\n","protected":false},"excerpt":{"rendered":"<p>Come\u00e7amos a temporada 2023 do programa Sa\u00fade em Foco com um tema que agrada boa&#8230;<\/p>\n","protected":false},"author":3,"featured_media":33678,"comment_status":"open","ping_status":"open","sticky":false,"template":"","format":"standard","meta":[],"categories":[2790],"tags":[],"_links":{"self":[{"href":"https:\/\/www.uninter.com\/radio\/wp-json\/wp\/v2\/posts\/34732"}],"collection":[{"href":"https:\/\/www.uninter.com\/radio\/wp-json\/wp\/v2\/posts"}],"about":[{"href":"https:\/\/www.uninter.com\/radio\/wp-json\/wp\/v2\/types\/post"}],"author":[{"embeddable":true,"href":"https:\/\/www.uninter.com\/radio\/wp-json\/wp\/v2\/users\/3"}],"replies":[{"embeddable":true,"href":"https:\/\/www.uninter.com\/radio\/wp-json\/wp\/v2\/comments?post=34732"}],"version-history":[{"count":1,"href":"https:\/\/www.uninter.com\/radio\/wp-json\/wp\/v2\/posts\/34732\/revisions"}],"predecessor-version":[{"id":34734,"href":"https:\/\/www.uninter.com\/radio\/wp-json\/wp\/v2\/posts\/34732\/revisions\/34734"}],"wp:featuredmedia":[{"embeddable":true,"href":"https:\/\/www.uninter.com\/radio\/wp-json\/wp\/v2\/media\/33678"}],"wp:attachment":[{"href":"https:\/\/www.uninter.com\/radio\/wp-json\/wp\/v2\/media?parent=34732"}],"wp:term":[{"taxonomy":"category","embeddable":true,"href":"https:\/\/www.uninter.com\/radio\/wp-json\/wp\/v2\/categories?post=34732"},{"taxonomy":"post_tag","embeddable":true,"href":"https:\/\/www.uninter.com\/radio\/wp-json\/wp\/v2\/tags?post=34732"}],"curies":[{"name":"wp","href":"https:\/\/api.w.org\/{rel}","templated":true}]}}