{"id":34695,"date":"2023-01-26T10:50:09","date_gmt":"2023-01-26T13:50:09","guid":{"rendered":"https:\/\/www.uninter.com\/radio\/?p=34695"},"modified":"2023-01-26T10:50:10","modified_gmt":"2023-01-26T13:50:10","slug":"caminho-para-a-saude-saude-integrativa-uma-experiencia-de-tratamento-em-cuba","status":"publish","type":"post","link":"https:\/\/www.uninter.com\/radio\/caminho-para-a-saude-saude-integrativa-uma-experiencia-de-tratamento-em-cuba","title":{"rendered":"Caminho para a Sa\u00fade | Sa\u00fade Integrativa: uma experi\u00eancia de tratamento em Cuba"},"content":{"rendered":"\n<figure class=\"wp-block-audio\"><audio controls src=\"https:\/\/www.uninter.com\/radio\/wp-content\/uploads\/2023\/01\/caminho-para-a-saude-25-01-2022.mp3\"><\/audio><\/figure>\n\n\n\n<p>A volta do Caminho para a Sa\u00fade em 2023 traz Dirceu Krainski para relatar sua experi\u00eancia com sa\u00fade integrativa em Cuba. <\/p>\n\n\n\n<p>Acompanhe a edi\u00e7\u00e3o in\u00e9dita com participa\u00e7\u00e3o do doutor em Ci\u00eancias Farmac\u00eauticas Vinicius Bednarczuk e apresenta\u00e7\u00e3o de Evandro Tosin.<\/p>\n","protected":false},"excerpt":{"rendered":"<p>A volta do Caminho para a Sa\u00fade em 2023 traz Dirceu Krainski para relatar sua&#8230;<\/p>\n","protected":false},"author":3,"featured_media":31142,"comment_status":"open","ping_status":"open","sticky":false,"template":"","format":"standard","meta":[],"categories":[2770],"tags":[],"_links":{"self":[{"href":"https:\/\/www.uninter.com\/radio\/wp-json\/wp\/v2\/posts\/34695"}],"collection":[{"href":"https:\/\/www.uninter.com\/radio\/wp-json\/wp\/v2\/posts"}],"about":[{"href":"https:\/\/www.uninter.com\/radio\/wp-json\/wp\/v2\/types\/post"}],"author":[{"embeddable":true,"href":"https:\/\/www.uninter.com\/radio\/wp-json\/wp\/v2\/users\/3"}],"replies":[{"embeddable":true,"href":"https:\/\/www.uninter.com\/radio\/wp-json\/wp\/v2\/comments?post=34695"}],"version-history":[{"count":1,"href":"https:\/\/www.uninter.com\/radio\/wp-json\/wp\/v2\/posts\/34695\/revisions"}],"predecessor-version":[{"id":34697,"href":"https:\/\/www.uninter.com\/radio\/wp-json\/wp\/v2\/posts\/34695\/revisions\/34697"}],"wp:featuredmedia":[{"embeddable":true,"href":"https:\/\/www.uninter.com\/radio\/wp-json\/wp\/v2\/media\/31142"}],"wp:attachment":[{"href":"https:\/\/www.uninter.com\/radio\/wp-json\/wp\/v2\/media?parent=34695"}],"wp:term":[{"taxonomy":"category","embeddable":true,"href":"https:\/\/www.uninter.com\/radio\/wp-json\/wp\/v2\/categories?post=34695"},{"taxonomy":"post_tag","embeddable":true,"href":"https:\/\/www.uninter.com\/radio\/wp-json\/wp\/v2\/tags?post=34695"}],"curies":[{"name":"wp","href":"https:\/\/api.w.org\/{rel}","templated":true}]}}