{"id":34689,"date":"2023-01-19T09:17:29","date_gmt":"2023-01-19T12:17:29","guid":{"rendered":"https:\/\/www.uninter.com\/radio\/?p=34689"},"modified":"2023-01-19T09:17:31","modified_gmt":"2023-01-19T12:17:31","slug":"atualidades-da-educacao-novas-tendencias-na-educacao","status":"publish","type":"post","link":"https:\/\/www.uninter.com\/radio\/atualidades-da-educacao-novas-tendencias-na-educacao","title":{"rendered":"Atualidades da Educa\u00e7\u00e3o | Novas tend\u00eancias na educa\u00e7\u00e3o"},"content":{"rendered":"\n<figure class=\"wp-block-audio\"><audio controls src=\"https:\/\/www.uninter.com\/radio\/wp-content\/uploads\/2023\/01\/atualidades-da-educacao-18-01-2023.mp3\"><\/audio><\/figure>\n\n\n\n<p>O Atualidades da Educa\u00e7\u00e3o retorna para mais uma temporada neste ano! O primeiro epis\u00f3dio da temporada recebe o doutor em Engenharia Ergon\u00f4mica Neri dos Santos para falar das novas tend\u00eancias na educa\u00e7\u00e3o. Com apresenta\u00e7\u00e3o de Alvino Moser e Armando Kolbe Jr. R\u00e1dio Uninter, a r\u00e1dio que toca conhecimento.<\/p>\n","protected":false},"excerpt":{"rendered":"<p>O Atualidades da Educa\u00e7\u00e3o retorna para mais uma temporada neste ano! O primeiro epis\u00f3dio da&#8230;<\/p>\n","protected":false},"author":3,"featured_media":33674,"comment_status":"open","ping_status":"open","sticky":false,"template":"","format":"standard","meta":[],"categories":[2760],"tags":[],"_links":{"self":[{"href":"https:\/\/www.uninter.com\/radio\/wp-json\/wp\/v2\/posts\/34689"}],"collection":[{"href":"https:\/\/www.uninter.com\/radio\/wp-json\/wp\/v2\/posts"}],"about":[{"href":"https:\/\/www.uninter.com\/radio\/wp-json\/wp\/v2\/types\/post"}],"author":[{"embeddable":true,"href":"https:\/\/www.uninter.com\/radio\/wp-json\/wp\/v2\/users\/3"}],"replies":[{"embeddable":true,"href":"https:\/\/www.uninter.com\/radio\/wp-json\/wp\/v2\/comments?post=34689"}],"version-history":[{"count":1,"href":"https:\/\/www.uninter.com\/radio\/wp-json\/wp\/v2\/posts\/34689\/revisions"}],"predecessor-version":[{"id":34691,"href":"https:\/\/www.uninter.com\/radio\/wp-json\/wp\/v2\/posts\/34689\/revisions\/34691"}],"wp:featuredmedia":[{"embeddable":true,"href":"https:\/\/www.uninter.com\/radio\/wp-json\/wp\/v2\/media\/33674"}],"wp:attachment":[{"href":"https:\/\/www.uninter.com\/radio\/wp-json\/wp\/v2\/media?parent=34689"}],"wp:term":[{"taxonomy":"category","embeddable":true,"href":"https:\/\/www.uninter.com\/radio\/wp-json\/wp\/v2\/categories?post=34689"},{"taxonomy":"post_tag","embeddable":true,"href":"https:\/\/www.uninter.com\/radio\/wp-json\/wp\/v2\/tags?post=34689"}],"curies":[{"name":"wp","href":"https:\/\/api.w.org\/{rel}","templated":true}]}}