{"id":34686,"date":"2023-01-18T14:46:18","date_gmt":"2023-01-18T17:46:18","guid":{"rendered":"https:\/\/www.uninter.com\/radio\/?p=34686"},"modified":"2023-01-18T14:46:20","modified_gmt":"2023-01-18T17:46:20","slug":"papo-castico-mpb-musica-preta-brasileira","status":"publish","type":"post","link":"https:\/\/www.uninter.com\/radio\/papo-castico-mpb-musica-preta-brasileira","title":{"rendered":"Papo Casti\u00e7o | MPB: M\u00fasica Preta Brasileira"},"content":{"rendered":"\n<figure class=\"wp-block-audio\"><audio controls src=\"https:\/\/www.uninter.com\/radio\/wp-content\/uploads\/2023\/01\/papo-castico-18-01-2023.mp3\"><\/audio><\/figure>\n\n\n\n<p>Cantora brasiliense radicada em Curitiba, Janine Mathias ocupa cada vez mais seu lugar no espa\u00e7o da m\u00fasica nacional. M\u00e3e do Khalil, compositora, atriz, e empres\u00e1ria, ela conta sua trajet\u00f3ria e fala da m\u00fasica preta e popular brasileira, e toda sua diversidade. <\/p>\n\n\n\n<p>Confira no novo epis\u00f3dio do Papo Casti\u00e7o.<\/p>\n","protected":false},"excerpt":{"rendered":"<p>Cantora brasiliense radicada em Curitiba, Janine Mathias ocupa cada vez mais seu lugar no espa\u00e7o&#8230;<\/p>\n","protected":false},"author":3,"featured_media":34252,"comment_status":"open","ping_status":"open","sticky":false,"template":"","format":"standard","meta":[],"categories":[2841],"tags":[],"_links":{"self":[{"href":"https:\/\/www.uninter.com\/radio\/wp-json\/wp\/v2\/posts\/34686"}],"collection":[{"href":"https:\/\/www.uninter.com\/radio\/wp-json\/wp\/v2\/posts"}],"about":[{"href":"https:\/\/www.uninter.com\/radio\/wp-json\/wp\/v2\/types\/post"}],"author":[{"embeddable":true,"href":"https:\/\/www.uninter.com\/radio\/wp-json\/wp\/v2\/users\/3"}],"replies":[{"embeddable":true,"href":"https:\/\/www.uninter.com\/radio\/wp-json\/wp\/v2\/comments?post=34686"}],"version-history":[{"count":1,"href":"https:\/\/www.uninter.com\/radio\/wp-json\/wp\/v2\/posts\/34686\/revisions"}],"predecessor-version":[{"id":34688,"href":"https:\/\/www.uninter.com\/radio\/wp-json\/wp\/v2\/posts\/34686\/revisions\/34688"}],"wp:featuredmedia":[{"embeddable":true,"href":"https:\/\/www.uninter.com\/radio\/wp-json\/wp\/v2\/media\/34252"}],"wp:attachment":[{"href":"https:\/\/www.uninter.com\/radio\/wp-json\/wp\/v2\/media?parent=34686"}],"wp:term":[{"taxonomy":"category","embeddable":true,"href":"https:\/\/www.uninter.com\/radio\/wp-json\/wp\/v2\/categories?post=34686"},{"taxonomy":"post_tag","embeddable":true,"href":"https:\/\/www.uninter.com\/radio\/wp-json\/wp\/v2\/tags?post=34686"}],"curies":[{"name":"wp","href":"https:\/\/api.w.org\/{rel}","templated":true}]}}