{"id":34682,"date":"2023-01-11T11:52:46","date_gmt":"2023-01-11T14:52:46","guid":{"rendered":"https:\/\/www.uninter.com\/radio\/?p=34682"},"modified":"2023-01-11T11:52:48","modified_gmt":"2023-01-11T14:52:48","slug":"inclusao-em-rede-tecnologia-assistiva-para-cegos-multiplano-e-codigo-de-cores","status":"publish","type":"post","link":"https:\/\/www.uninter.com\/radio\/inclusao-em-rede-tecnologia-assistiva-para-cegos-multiplano-e-codigo-de-cores","title":{"rendered":"Inclus\u00e3o em Rede | Tecnologia assistiva para cegos: multiplano e c\u00f3digo de cores"},"content":{"rendered":"\n<figure class=\"wp-block-audio\"><audio controls src=\"https:\/\/www.uninter.com\/radio\/wp-content\/uploads\/2023\/01\/inclusao-em-rede-16-12-2022-online-audio-converter.com_.mp3\"><\/audio><\/figure>\n\n\n\n<p>A \u00faltima edi\u00e7\u00e3o do Inclus\u00e3o em Rede de 2022 apresenta o multiplano e o c\u00f3digo de cores, tecnologias assistivas para cegos. Com apresenta\u00e7\u00e3o de Leomar Machesini e participa\u00e7\u00e3o do mestre em Matem\u00e1tica e criador dos sistemas, Rubens Ferronato.<\/p>\n","protected":false},"excerpt":{"rendered":"<p>A \u00faltima edi\u00e7\u00e3o do Inclus\u00e3o em Rede de 2022 apresenta o multiplano e o c\u00f3digo&#8230;<\/p>\n","protected":false},"author":3,"featured_media":33698,"comment_status":"open","ping_status":"open","sticky":false,"template":"","format":"standard","meta":[],"categories":[2727],"tags":[],"_links":{"self":[{"href":"https:\/\/www.uninter.com\/radio\/wp-json\/wp\/v2\/posts\/34682"}],"collection":[{"href":"https:\/\/www.uninter.com\/radio\/wp-json\/wp\/v2\/posts"}],"about":[{"href":"https:\/\/www.uninter.com\/radio\/wp-json\/wp\/v2\/types\/post"}],"author":[{"embeddable":true,"href":"https:\/\/www.uninter.com\/radio\/wp-json\/wp\/v2\/users\/3"}],"replies":[{"embeddable":true,"href":"https:\/\/www.uninter.com\/radio\/wp-json\/wp\/v2\/comments?post=34682"}],"version-history":[{"count":1,"href":"https:\/\/www.uninter.com\/radio\/wp-json\/wp\/v2\/posts\/34682\/revisions"}],"predecessor-version":[{"id":34684,"href":"https:\/\/www.uninter.com\/radio\/wp-json\/wp\/v2\/posts\/34682\/revisions\/34684"}],"wp:featuredmedia":[{"embeddable":true,"href":"https:\/\/www.uninter.com\/radio\/wp-json\/wp\/v2\/media\/33698"}],"wp:attachment":[{"href":"https:\/\/www.uninter.com\/radio\/wp-json\/wp\/v2\/media?parent=34682"}],"wp:term":[{"taxonomy":"category","embeddable":true,"href":"https:\/\/www.uninter.com\/radio\/wp-json\/wp\/v2\/categories?post=34682"},{"taxonomy":"post_tag","embeddable":true,"href":"https:\/\/www.uninter.com\/radio\/wp-json\/wp\/v2\/tags?post=34682"}],"curies":[{"name":"wp","href":"https:\/\/api.w.org\/{rel}","templated":true}]}}