{"id":34676,"date":"2023-01-11T11:45:24","date_gmt":"2023-01-11T14:45:24","guid":{"rendered":"https:\/\/www.uninter.com\/radio\/?p=34676"},"modified":"2023-01-11T11:45:25","modified_gmt":"2023-01-11T14:45:25","slug":"transito-e-mobilidade-o-impacto-da-formacao-superior-do-curso-de-gtmu-na-carreira-profissional","status":"publish","type":"post","link":"https:\/\/www.uninter.com\/radio\/transito-e-mobilidade-o-impacto-da-formacao-superior-do-curso-de-gtmu-na-carreira-profissional","title":{"rendered":"Tr\u00e2nsito e Mobilidade | O impacto da forma\u00e7\u00e3o Superior do curso de GTMU na carreira profissional"},"content":{"rendered":"\n<figure class=\"wp-block-audio\"><audio controls src=\"https:\/\/www.uninter.com\/radio\/wp-content\/uploads\/2023\/01\/transito-e-mobilidade-16-12-2022.mp3\"><\/audio><\/figure>\n\n\n\n<p>Estamos chegando ao fim da temporada 2022 do programa Tr\u00e2nsito e Mobilidade, e para a \u00faltima edi\u00e7\u00e3o do ano, os professores Gerson Buczenko e Valdilson Lopes recebem egressos do curso de Gest\u00e3o do Tr\u00e2nsito e Mobilidade Urbana.<\/p>\n","protected":false},"excerpt":{"rendered":"<p>Estamos chegando ao fim da temporada 2022 do programa Tr\u00e2nsito e Mobilidade, e para a&#8230;<\/p>\n","protected":false},"author":3,"featured_media":33729,"comment_status":"open","ping_status":"open","sticky":false,"template":"","format":"standard","meta":[],"categories":[2718],"tags":[],"_links":{"self":[{"href":"https:\/\/www.uninter.com\/radio\/wp-json\/wp\/v2\/posts\/34676"}],"collection":[{"href":"https:\/\/www.uninter.com\/radio\/wp-json\/wp\/v2\/posts"}],"about":[{"href":"https:\/\/www.uninter.com\/radio\/wp-json\/wp\/v2\/types\/post"}],"author":[{"embeddable":true,"href":"https:\/\/www.uninter.com\/radio\/wp-json\/wp\/v2\/users\/3"}],"replies":[{"embeddable":true,"href":"https:\/\/www.uninter.com\/radio\/wp-json\/wp\/v2\/comments?post=34676"}],"version-history":[{"count":1,"href":"https:\/\/www.uninter.com\/radio\/wp-json\/wp\/v2\/posts\/34676\/revisions"}],"predecessor-version":[{"id":34678,"href":"https:\/\/www.uninter.com\/radio\/wp-json\/wp\/v2\/posts\/34676\/revisions\/34678"}],"wp:featuredmedia":[{"embeddable":true,"href":"https:\/\/www.uninter.com\/radio\/wp-json\/wp\/v2\/media\/33729"}],"wp:attachment":[{"href":"https:\/\/www.uninter.com\/radio\/wp-json\/wp\/v2\/media?parent=34676"}],"wp:term":[{"taxonomy":"category","embeddable":true,"href":"https:\/\/www.uninter.com\/radio\/wp-json\/wp\/v2\/categories?post=34676"},{"taxonomy":"post_tag","embeddable":true,"href":"https:\/\/www.uninter.com\/radio\/wp-json\/wp\/v2\/tags?post=34676"}],"curies":[{"name":"wp","href":"https:\/\/api.w.org\/{rel}","templated":true}]}}