{"id":34664,"date":"2022-12-14T16:23:01","date_gmt":"2022-12-14T19:23:01","guid":{"rendered":"https:\/\/www.uninter.com\/radio\/?p=34664"},"modified":"2022-12-14T16:23:03","modified_gmt":"2022-12-14T19:23:03","slug":"saude-em-foco-festividades-no-final-do-ano-cuidado-a-pessoa-idosa","status":"publish","type":"post","link":"https:\/\/www.uninter.com\/radio\/saude-em-foco-festividades-no-final-do-ano-cuidado-a-pessoa-idosa","title":{"rendered":"Sa\u00fade em Foco | Festividades no final do ano: cuidado a pessoa idosa"},"content":{"rendered":"\n<figure class=\"wp-block-audio\"><audio controls src=\"https:\/\/www.uninter.com\/radio\/wp-content\/uploads\/2022\/12\/saude-em-foco-13-12-2022.mp3\"><\/audio><\/figure>\n\n\n\n<p>Com o fim de ano, familiares e amigos se re\u00fanem para celebrar, e a transmiss\u00e3o de doen\u00e7as \u00e9 uma preocupa\u00e7\u00e3o para todos. Os idosos, especialmente, s\u00e3o o grupo mais vulner\u00e1vel e que requer mais cuidados. <\/p>\n\n\n\n<p>Barbara Carvalho recebe as professoras da Escola de Sa\u00fade \u00danica Maria Caroline Waldrigues e Patr\u00edcia Candiotto para a conversa e realizar a \u00faltima edi\u00e7\u00e3o do Sa\u00fade em Foco de 2022.<\/p>\n","protected":false},"excerpt":{"rendered":"<p>Com o fim de ano, familiares e amigos se re\u00fanem para celebrar, e a transmiss\u00e3o&#8230;<\/p>\n","protected":false},"author":3,"featured_media":33678,"comment_status":"open","ping_status":"open","sticky":false,"template":"","format":"standard","meta":[],"categories":[2790],"tags":[],"_links":{"self":[{"href":"https:\/\/www.uninter.com\/radio\/wp-json\/wp\/v2\/posts\/34664"}],"collection":[{"href":"https:\/\/www.uninter.com\/radio\/wp-json\/wp\/v2\/posts"}],"about":[{"href":"https:\/\/www.uninter.com\/radio\/wp-json\/wp\/v2\/types\/post"}],"author":[{"embeddable":true,"href":"https:\/\/www.uninter.com\/radio\/wp-json\/wp\/v2\/users\/3"}],"replies":[{"embeddable":true,"href":"https:\/\/www.uninter.com\/radio\/wp-json\/wp\/v2\/comments?post=34664"}],"version-history":[{"count":1,"href":"https:\/\/www.uninter.com\/radio\/wp-json\/wp\/v2\/posts\/34664\/revisions"}],"predecessor-version":[{"id":34666,"href":"https:\/\/www.uninter.com\/radio\/wp-json\/wp\/v2\/posts\/34664\/revisions\/34666"}],"wp:featuredmedia":[{"embeddable":true,"href":"https:\/\/www.uninter.com\/radio\/wp-json\/wp\/v2\/media\/33678"}],"wp:attachment":[{"href":"https:\/\/www.uninter.com\/radio\/wp-json\/wp\/v2\/media?parent=34664"}],"wp:term":[{"taxonomy":"category","embeddable":true,"href":"https:\/\/www.uninter.com\/radio\/wp-json\/wp\/v2\/categories?post=34664"},{"taxonomy":"post_tag","embeddable":true,"href":"https:\/\/www.uninter.com\/radio\/wp-json\/wp\/v2\/tags?post=34664"}],"curies":[{"name":"wp","href":"https:\/\/api.w.org\/{rel}","templated":true}]}}