{"id":34653,"date":"2022-12-13T10:56:19","date_gmt":"2022-12-13T13:56:19","guid":{"rendered":"https:\/\/www.uninter.com\/radio\/?p=34653"},"modified":"2022-12-13T10:56:21","modified_gmt":"2022-12-13T13:56:21","slug":"inclusao-em-rede-o-livro-fiquei-cego-e-agora","status":"publish","type":"post","link":"https:\/\/www.uninter.com\/radio\/inclusao-em-rede-o-livro-fiquei-cego-e-agora","title":{"rendered":"Inclus\u00e3o em Rede | O livro &#8220;Fiquei cego, e agora?&#8221;"},"content":{"rendered":"\n<figure class=\"wp-block-audio\"><audio controls src=\"https:\/\/www.uninter.com\/radio\/wp-content\/uploads\/2022\/12\/inclusao-em-rede-09-12-2022-online-audio-converter.com_.mp3\"><\/audio><\/figure>\n\n\n\n<p>O programa Inclus\u00e3o em Rede fala sobre o livro &#8220;Fiquei cego, e agora?&#8221; <\/p>\n\n\n\n<p>Para o bate-papo, Leomar Marchesini recebe Lilian Merege Biglia, que vai contar as hist\u00f3rias de vida que testemunhou em mais de 25 anos trabalhando na educa\u00e7\u00e3o de cegos e pessoas com baixa vis\u00e3o. Acompanhe e participe.<\/p>\n","protected":false},"excerpt":{"rendered":"<p>O programa Inclus\u00e3o em Rede fala sobre o livro &#8220;Fiquei cego, e agora?&#8221; Para o&#8230;<\/p>\n","protected":false},"author":3,"featured_media":33698,"comment_status":"open","ping_status":"open","sticky":false,"template":"","format":"standard","meta":[],"categories":[2727],"tags":[],"_links":{"self":[{"href":"https:\/\/www.uninter.com\/radio\/wp-json\/wp\/v2\/posts\/34653"}],"collection":[{"href":"https:\/\/www.uninter.com\/radio\/wp-json\/wp\/v2\/posts"}],"about":[{"href":"https:\/\/www.uninter.com\/radio\/wp-json\/wp\/v2\/types\/post"}],"author":[{"embeddable":true,"href":"https:\/\/www.uninter.com\/radio\/wp-json\/wp\/v2\/users\/3"}],"replies":[{"embeddable":true,"href":"https:\/\/www.uninter.com\/radio\/wp-json\/wp\/v2\/comments?post=34653"}],"version-history":[{"count":1,"href":"https:\/\/www.uninter.com\/radio\/wp-json\/wp\/v2\/posts\/34653\/revisions"}],"predecessor-version":[{"id":34655,"href":"https:\/\/www.uninter.com\/radio\/wp-json\/wp\/v2\/posts\/34653\/revisions\/34655"}],"wp:featuredmedia":[{"embeddable":true,"href":"https:\/\/www.uninter.com\/radio\/wp-json\/wp\/v2\/media\/33698"}],"wp:attachment":[{"href":"https:\/\/www.uninter.com\/radio\/wp-json\/wp\/v2\/media?parent=34653"}],"wp:term":[{"taxonomy":"category","embeddable":true,"href":"https:\/\/www.uninter.com\/radio\/wp-json\/wp\/v2\/categories?post=34653"},{"taxonomy":"post_tag","embeddable":true,"href":"https:\/\/www.uninter.com\/radio\/wp-json\/wp\/v2\/tags?post=34653"}],"curies":[{"name":"wp","href":"https:\/\/api.w.org\/{rel}","templated":true}]}}