{"id":34638,"date":"2022-12-13T10:41:00","date_gmt":"2022-12-13T13:41:00","guid":{"rendered":"https:\/\/www.uninter.com\/radio\/?p=34638"},"modified":"2022-12-13T10:41:02","modified_gmt":"2022-12-13T13:41:02","slug":"sua-carreira-gestao-estrategica-empresarial","status":"publish","type":"post","link":"https:\/\/www.uninter.com\/radio\/sua-carreira-gestao-estrategica-empresarial","title":{"rendered":"Sua Carreira | Gest\u00e3o Estrat\u00e9gica Empresarial"},"content":{"rendered":"\n<figure class=\"wp-block-audio\"><audio controls src=\"https:\/\/www.uninter.com\/radio\/wp-content\/uploads\/2022\/12\/sua-carreira-08-12-2022.mp3\"><\/audio><\/figure>\n\n\n\n<p>O gestor sempre tem que estar atento a novos desafios e atuando para novas transforma\u00e7\u00f5es sociais, aliando isso ao bem de sua organiza\u00e7\u00e3o. <\/p>\n\n\n\n<p>O Sua Carreira apresenta o curso de Gest\u00e3o Estrat\u00e9gica Empresarial e a atua\u00e7\u00e3o desse profissional no mercado de trabalho. Evandro Tosin recebe o coordenador do curso, Elizeu Alves, para o bate-papo.<\/p>\n","protected":false},"excerpt":{"rendered":"<p>O gestor sempre tem que estar atento a novos desafios e atuando para novas transforma\u00e7\u00f5es&#8230;<\/p>\n","protected":false},"author":3,"featured_media":33691,"comment_status":"open","ping_status":"open","sticky":false,"template":"","format":"standard","meta":[],"categories":[2711],"tags":[],"_links":{"self":[{"href":"https:\/\/www.uninter.com\/radio\/wp-json\/wp\/v2\/posts\/34638"}],"collection":[{"href":"https:\/\/www.uninter.com\/radio\/wp-json\/wp\/v2\/posts"}],"about":[{"href":"https:\/\/www.uninter.com\/radio\/wp-json\/wp\/v2\/types\/post"}],"author":[{"embeddable":true,"href":"https:\/\/www.uninter.com\/radio\/wp-json\/wp\/v2\/users\/3"}],"replies":[{"embeddable":true,"href":"https:\/\/www.uninter.com\/radio\/wp-json\/wp\/v2\/comments?post=34638"}],"version-history":[{"count":1,"href":"https:\/\/www.uninter.com\/radio\/wp-json\/wp\/v2\/posts\/34638\/revisions"}],"predecessor-version":[{"id":34640,"href":"https:\/\/www.uninter.com\/radio\/wp-json\/wp\/v2\/posts\/34638\/revisions\/34640"}],"wp:featuredmedia":[{"embeddable":true,"href":"https:\/\/www.uninter.com\/radio\/wp-json\/wp\/v2\/media\/33691"}],"wp:attachment":[{"href":"https:\/\/www.uninter.com\/radio\/wp-json\/wp\/v2\/media?parent=34638"}],"wp:term":[{"taxonomy":"category","embeddable":true,"href":"https:\/\/www.uninter.com\/radio\/wp-json\/wp\/v2\/categories?post=34638"},{"taxonomy":"post_tag","embeddable":true,"href":"https:\/\/www.uninter.com\/radio\/wp-json\/wp\/v2\/tags?post=34638"}],"curies":[{"name":"wp","href":"https:\/\/api.w.org\/{rel}","templated":true}]}}