{"id":34626,"date":"2022-12-13T10:25:21","date_gmt":"2022-12-13T13:25:21","guid":{"rendered":"https:\/\/www.uninter.com\/radio\/?p=34626"},"modified":"2022-12-13T10:25:23","modified_gmt":"2022-12-13T13:25:23","slug":"saude-em-foco-prevencao-combinada-a-infeccao-hiv-comportamento-de-risco-e-vulnerabilidades","status":"publish","type":"post","link":"https:\/\/www.uninter.com\/radio\/saude-em-foco-prevencao-combinada-a-infeccao-hiv-comportamento-de-risco-e-vulnerabilidades","title":{"rendered":"Sa\u00fade em Foco | Preven\u00e7\u00e3o combinada \u00e0 infec\u00e7\u00e3o HIV, comportamento de risco e vulnerabilidades"},"content":{"rendered":"\n<figure class=\"wp-block-audio\"><audio controls src=\"https:\/\/www.uninter.com\/radio\/wp-content\/uploads\/2022\/12\/saude-em-foco-06-12-2022.mp3\"><\/audio><\/figure>\n\n\n\n<p>Mais um programa da R\u00e1dio Uninter voltado ao Dezembro Vermelho, agora pensando nas melhores formas de preven\u00e7\u00e3o contra o HIV e outras ISTs. <\/p>\n\n\n\n<p>Barbara Carvalho recebe o enfermeiro em sa\u00fade coletiva Emerson Silveira de Brito para o bate-papo.<\/p>\n","protected":false},"excerpt":{"rendered":"<p>Mais um programa da R\u00e1dio Uninter voltado ao Dezembro Vermelho, agora pensando nas melhores formas&#8230;<\/p>\n","protected":false},"author":3,"featured_media":33678,"comment_status":"open","ping_status":"open","sticky":false,"template":"","format":"standard","meta":[],"categories":[2790],"tags":[],"_links":{"self":[{"href":"https:\/\/www.uninter.com\/radio\/wp-json\/wp\/v2\/posts\/34626"}],"collection":[{"href":"https:\/\/www.uninter.com\/radio\/wp-json\/wp\/v2\/posts"}],"about":[{"href":"https:\/\/www.uninter.com\/radio\/wp-json\/wp\/v2\/types\/post"}],"author":[{"embeddable":true,"href":"https:\/\/www.uninter.com\/radio\/wp-json\/wp\/v2\/users\/3"}],"replies":[{"embeddable":true,"href":"https:\/\/www.uninter.com\/radio\/wp-json\/wp\/v2\/comments?post=34626"}],"version-history":[{"count":1,"href":"https:\/\/www.uninter.com\/radio\/wp-json\/wp\/v2\/posts\/34626\/revisions"}],"predecessor-version":[{"id":34628,"href":"https:\/\/www.uninter.com\/radio\/wp-json\/wp\/v2\/posts\/34626\/revisions\/34628"}],"wp:featuredmedia":[{"embeddable":true,"href":"https:\/\/www.uninter.com\/radio\/wp-json\/wp\/v2\/media\/33678"}],"wp:attachment":[{"href":"https:\/\/www.uninter.com\/radio\/wp-json\/wp\/v2\/media?parent=34626"}],"wp:term":[{"taxonomy":"category","embeddable":true,"href":"https:\/\/www.uninter.com\/radio\/wp-json\/wp\/v2\/categories?post=34626"},{"taxonomy":"post_tag","embeddable":true,"href":"https:\/\/www.uninter.com\/radio\/wp-json\/wp\/v2\/tags?post=34626"}],"curies":[{"name":"wp","href":"https:\/\/api.w.org\/{rel}","templated":true}]}}