{"id":34623,"date":"2022-12-13T10:22:34","date_gmt":"2022-12-13T13:22:34","guid":{"rendered":"https:\/\/www.uninter.com\/radio\/?p=34623"},"modified":"2022-12-13T10:22:36","modified_gmt":"2022-12-13T13:22:36","slug":"pesquisa-ai-memorias-das-mulheres-paranaenses-sobre-a-decada-de-1960","status":"publish","type":"post","link":"https:\/\/www.uninter.com\/radio\/pesquisa-ai-memorias-das-mulheres-paranaenses-sobre-a-decada-de-1960","title":{"rendered":"Pesquisa A\u00ed! | Mem\u00f3rias das mulheres paranaenses sobre a d\u00e9cada de 1960"},"content":{"rendered":"\n<figure class=\"wp-block-audio\"><audio controls src=\"https:\/\/www.uninter.com\/radio\/wp-content\/uploads\/2022\/12\/pesquisa-ai-05-12-2022.mp3\"><\/audio><\/figure>\n\n\n\n<p>Chegamos a \u00faltima edi\u00e7\u00e3o da primeira temporada do Pesquisa A\u00ed!, e para fechar com chave de ouro, recebemos a jornalista Amanda Zanluca para falar sobre o seu projeto Aos anos que eu vivi: mem\u00f3rias das mulheres paranaenses sobre a d\u00e9cada de 1960. <\/p>\n\n\n\n<p>A apresenta\u00e7\u00e3o \u00e9 de M\u00e1ira Nunes e Renata Cristina. Acompanhe!<\/p>\n","protected":false},"excerpt":{"rendered":"<p>Chegamos a \u00faltima edi\u00e7\u00e3o da primeira temporada do Pesquisa A\u00ed!, e para fechar com chave&#8230;<\/p>\n","protected":false},"author":3,"featured_media":34539,"comment_status":"open","ping_status":"open","sticky":false,"template":"","format":"standard","meta":[],"categories":[2842],"tags":[],"_links":{"self":[{"href":"https:\/\/www.uninter.com\/radio\/wp-json\/wp\/v2\/posts\/34623"}],"collection":[{"href":"https:\/\/www.uninter.com\/radio\/wp-json\/wp\/v2\/posts"}],"about":[{"href":"https:\/\/www.uninter.com\/radio\/wp-json\/wp\/v2\/types\/post"}],"author":[{"embeddable":true,"href":"https:\/\/www.uninter.com\/radio\/wp-json\/wp\/v2\/users\/3"}],"replies":[{"embeddable":true,"href":"https:\/\/www.uninter.com\/radio\/wp-json\/wp\/v2\/comments?post=34623"}],"version-history":[{"count":1,"href":"https:\/\/www.uninter.com\/radio\/wp-json\/wp\/v2\/posts\/34623\/revisions"}],"predecessor-version":[{"id":34625,"href":"https:\/\/www.uninter.com\/radio\/wp-json\/wp\/v2\/posts\/34623\/revisions\/34625"}],"wp:featuredmedia":[{"embeddable":true,"href":"https:\/\/www.uninter.com\/radio\/wp-json\/wp\/v2\/media\/34539"}],"wp:attachment":[{"href":"https:\/\/www.uninter.com\/radio\/wp-json\/wp\/v2\/media?parent=34623"}],"wp:term":[{"taxonomy":"category","embeddable":true,"href":"https:\/\/www.uninter.com\/radio\/wp-json\/wp\/v2\/categories?post=34623"},{"taxonomy":"post_tag","embeddable":true,"href":"https:\/\/www.uninter.com\/radio\/wp-json\/wp\/v2\/tags?post=34623"}],"curies":[{"name":"wp","href":"https:\/\/api.w.org\/{rel}","templated":true}]}}