{"id":34620,"date":"2022-12-13T10:17:00","date_gmt":"2022-12-13T13:17:00","guid":{"rendered":"https:\/\/www.uninter.com\/radio\/?p=34620"},"modified":"2022-12-13T10:17:02","modified_gmt":"2022-12-13T13:17:02","slug":"os-coxibes-campanha-nacional-de-prevencao-ao-hiv-aids","status":"publish","type":"post","link":"https:\/\/www.uninter.com\/radio\/os-coxibes-campanha-nacional-de-prevencao-ao-hiv-aids","title":{"rendered":"Os Coxibes | Campanha nacional de preven\u00e7\u00e3o ao HIV\/Aids"},"content":{"rendered":"\n<figure class=\"wp-block-audio\"><audio controls src=\"https:\/\/www.uninter.com\/radio\/wp-content\/uploads\/2022\/12\/os-coxibes-05-12-2022.mp3\"><\/audio><\/figure>\n\n\n\n<p>Com o Dezembro Vermelho, a campanha nacional de preven\u00e7\u00e3o ao HIV e a outras infec\u00e7\u00f5es sexualmente transmiss\u00edveis \u00e9 promovida em todo o pa\u00eds. Aqui na R\u00e1dio Uninter tamb\u00e9m! <\/p>\n\n\n\n<p>A edi\u00e7\u00e3o deste m\u00eas de Os Coxibes destaca o tema com a presen\u00e7a da enfermeira Gilselena Lopes e apresenta\u00e7\u00e3o dos coordenadores Willian Sales e Ana Paula Lima.<\/p>\n","protected":false},"excerpt":{"rendered":"<p>Com o Dezembro Vermelho, a campanha nacional de preven\u00e7\u00e3o ao HIV e a outras infec\u00e7\u00f5es&#8230;<\/p>\n","protected":false},"author":3,"featured_media":33966,"comment_status":"open","ping_status":"open","sticky":false,"template":"","format":"standard","meta":[],"categories":[2837],"tags":[],"_links":{"self":[{"href":"https:\/\/www.uninter.com\/radio\/wp-json\/wp\/v2\/posts\/34620"}],"collection":[{"href":"https:\/\/www.uninter.com\/radio\/wp-json\/wp\/v2\/posts"}],"about":[{"href":"https:\/\/www.uninter.com\/radio\/wp-json\/wp\/v2\/types\/post"}],"author":[{"embeddable":true,"href":"https:\/\/www.uninter.com\/radio\/wp-json\/wp\/v2\/users\/3"}],"replies":[{"embeddable":true,"href":"https:\/\/www.uninter.com\/radio\/wp-json\/wp\/v2\/comments?post=34620"}],"version-history":[{"count":1,"href":"https:\/\/www.uninter.com\/radio\/wp-json\/wp\/v2\/posts\/34620\/revisions"}],"predecessor-version":[{"id":34622,"href":"https:\/\/www.uninter.com\/radio\/wp-json\/wp\/v2\/posts\/34620\/revisions\/34622"}],"wp:featuredmedia":[{"embeddable":true,"href":"https:\/\/www.uninter.com\/radio\/wp-json\/wp\/v2\/media\/33966"}],"wp:attachment":[{"href":"https:\/\/www.uninter.com\/radio\/wp-json\/wp\/v2\/media?parent=34620"}],"wp:term":[{"taxonomy":"category","embeddable":true,"href":"https:\/\/www.uninter.com\/radio\/wp-json\/wp\/v2\/categories?post=34620"},{"taxonomy":"post_tag","embeddable":true,"href":"https:\/\/www.uninter.com\/radio\/wp-json\/wp\/v2\/tags?post=34620"}],"curies":[{"name":"wp","href":"https:\/\/api.w.org\/{rel}","templated":true}]}}