{"id":34617,"date":"2022-12-13T10:12:33","date_gmt":"2022-12-13T13:12:33","guid":{"rendered":"https:\/\/www.uninter.com\/radio\/?p=34617"},"modified":"2022-12-13T10:12:35","modified_gmt":"2022-12-13T13:12:35","slug":"saude-em-foco-edicao-especial-dia-internacional-do-voluntariado","status":"publish","type":"post","link":"https:\/\/www.uninter.com\/radio\/saude-em-foco-edicao-especial-dia-internacional-do-voluntariado","title":{"rendered":"Sa\u00fade em Foco (edi\u00e7\u00e3o especial) | Dia Internacional do Voluntariado"},"content":{"rendered":"\n<figure class=\"wp-block-audio\"><audio controls src=\"https:\/\/www.uninter.com\/radio\/wp-content\/uploads\/2022\/12\/saude-em-foco-05-12-2022.mp3\"><\/audio><\/figure>\n\n\n\n<p>05 de dezembro \u00e9 o Dia Internacional do Voluntariado, e o Sa\u00fade em Foco traz uma edi\u00e7\u00e3o especial para falar sobre esta a\u00e7\u00e3o capaz de ajudar milhares de vidas. <\/p>\n\n\n\n<p>Para o bate-papo, Barbara Carvalho recebe Giane Caetano, aluna do curso de Gest\u00e3o das Organiza\u00e7\u00f5es do Terceiro Setor e Eduardo Roosevelt, empreendedor social e cultural.<\/p>\n","protected":false},"excerpt":{"rendered":"<p>05 de dezembro \u00e9 o Dia Internacional do Voluntariado, e o Sa\u00fade em Foco traz&#8230;<\/p>\n","protected":false},"author":3,"featured_media":33678,"comment_status":"open","ping_status":"open","sticky":false,"template":"","format":"standard","meta":[],"categories":[2790],"tags":[],"_links":{"self":[{"href":"https:\/\/www.uninter.com\/radio\/wp-json\/wp\/v2\/posts\/34617"}],"collection":[{"href":"https:\/\/www.uninter.com\/radio\/wp-json\/wp\/v2\/posts"}],"about":[{"href":"https:\/\/www.uninter.com\/radio\/wp-json\/wp\/v2\/types\/post"}],"author":[{"embeddable":true,"href":"https:\/\/www.uninter.com\/radio\/wp-json\/wp\/v2\/users\/3"}],"replies":[{"embeddable":true,"href":"https:\/\/www.uninter.com\/radio\/wp-json\/wp\/v2\/comments?post=34617"}],"version-history":[{"count":1,"href":"https:\/\/www.uninter.com\/radio\/wp-json\/wp\/v2\/posts\/34617\/revisions"}],"predecessor-version":[{"id":34619,"href":"https:\/\/www.uninter.com\/radio\/wp-json\/wp\/v2\/posts\/34617\/revisions\/34619"}],"wp:featuredmedia":[{"embeddable":true,"href":"https:\/\/www.uninter.com\/radio\/wp-json\/wp\/v2\/media\/33678"}],"wp:attachment":[{"href":"https:\/\/www.uninter.com\/radio\/wp-json\/wp\/v2\/media?parent=34617"}],"wp:term":[{"taxonomy":"category","embeddable":true,"href":"https:\/\/www.uninter.com\/radio\/wp-json\/wp\/v2\/categories?post=34617"},{"taxonomy":"post_tag","embeddable":true,"href":"https:\/\/www.uninter.com\/radio\/wp-json\/wp\/v2\/tags?post=34617"}],"curies":[{"name":"wp","href":"https:\/\/api.w.org\/{rel}","templated":true}]}}